{"id":21272,"date":"2020-02-25T10:16:11","date_gmt":"2020-02-25T13:16:11","guid":{"rendered":"https:\/\/www.radioamigavallenar.cl\/?p=21272"},"modified":"2020-02-25T10:21:49","modified_gmt":"2020-02-25T13:21:49","slug":"pinera-asegura-que-se-han-preparado-para-resguardar-el-orden-publico-e-impulsar-acuerdos","status":"publish","type":"post","link":"https:\/\/www.radioamigavallenar.cl\/?p=21272","title":{"rendered":"Pi\u00f1era asegura que se han \u00abpreparado para resguardar el orden p\u00fablico e impulsar acuerdos\u00bb"},"content":{"rendered":"\n<div class=\"wp-block-image\"><figure class=\"aligncenter size-large is-resized\"><img loading=\"lazy\" decoding=\"async\" src=\"https:\/\/www.radioamigavallenar.cl\/wp-content\/uploads\/2020\/02\/109415135_hi057569751.jpg\" alt=\"\" class=\"wp-image-21273\" width=\"504\" height=\"283\" srcset=\"https:\/\/www.radioamigavallenar.cl\/wp-content\/uploads\/2020\/02\/109415135_hi057569751.jpg 410w, https:\/\/www.radioamigavallenar.cl\/wp-content\/uploads\/2020\/02\/109415135_hi057569751-300x168.jpg 300w\" sizes=\"auto, (max-width: 504px) 100vw, 504px\" \/><\/figure><\/div>\n\n\n\n<p>El\u00a0<strong>presidente Sebasti\u00e1n Pi\u00f1era<\/strong>\u00a0encabez\u00f3 ayer lunes un\u00a0<strong>consejo de gabinete<\/strong>\u00a0en La Moneda, en la primera actividad tras regresar de sus vacaciones. En la oportunidad, el mandatario reiter\u00f3 su llamado a un \u201cgran acuerdo nacional contra la violencia y en defensa de la democracia\u201d.<\/p>\n\n\n\n<p>En\nuna rueda de prensa en los patios del palacio gubernamental y rodeado de sus\nministros, Pi\u00f1era apunt\u00f3 al&nbsp;<strong>orden p\u00fablico<\/strong>&nbsp;de\ncara al&nbsp;<strong>plebiscito de abril pr\u00f3ximo.<\/strong><\/p>\n\n\n\n<p>\u201cEs\nmuy importante tener plena conciencia que necesitamos vivir en paz y asegurar\nel orden p\u00fablico para poder tener un plebiscito el 26 de abril, que sea\ndemocr\u00e1tico, que sea limpio, transparente\u201d, sostuvo.<\/p>\n\n\n\n<p>A\njuicio del jefe de Estado, el acuerdo por la paz incluye \u201cno s\u00f3lo condenar la\nviolencia, venga de donde venga, no s\u00f3lo defender la democracia y el Estado de\nDerecho en todo lugar y circunstancia, sino que tambi\u00e9n condenar a quienes no\ncondenan la violencia\u201d.<\/p>\n\n\n\n<p>&nbsp;\u201cEstoy seguro que\ninterpreto a la inmensa mayor\u00eda de mis compatriotas al afirmar que Chile ya ha\ntenido demasiada violencia y que lleg\u00f3 el tiempo de un gran acuerdo contra la\nviolencia, por la democracia y por la paz\u201d, dijo.<\/p>\n\n\n\n<p>\u201cAqu\u00ed\nla linea divisoria no es entre gobierno y oposici\u00f3n, es mucho mas\nsignificativa. Es entre aquellos que creen en la democracia y que quieren vivir\nen paz y aquellos que practican la violencia y quieren destruir nuestra\ndemocracia\u201d, se\u00f1al\u00f3.<\/p>\n\n\n\n<p>Al respecto, hizo un llamado \u201ca todos los chilenos, a la sociedad\ncivil y tambi\u00e9n a los parlamentarios, a avanzar significativamente durante el\nmes de marzo en los temas que m\u00e1s preocupan e interesan a los chilenos\u201d.<\/p>\n\n\n\n<p>En\nese sentido, pidi\u00f3 impulsar la agenda social, en particular, el reajuste de las\npensiones, el proyecto de ingreso m\u00ednimo garantizado y la reforma a la salud,\nque incluye adem\u00e1s el subsidio a los medicamentos.<\/p>\n\n\n\n<p>Por otro lado, el presidente Pi\u00f1era enfatiz\u00f3 en la necesidad de\nasegurar el orden p\u00fablico pensando en el Plebiscito del 26 de abril pr\u00f3ximo,\npara contar con un proceso \u201cdemocr\u00e1tico, limpio y transparente\u201d.<\/p>\n\n\n\n<p>\u201cTodos\nqueremos mejorar, cambiar, modificar, perfeccionar la Constituci\u00f3n y hay dos\ncaminos, los dos igualmente leg\u00edtimos e igualmente democr\u00e1ticos. Uno es el\ncamino de una convenci\u00f3n constitucional, el otro es el camino de la\ninstitucionalidad vigente\u201d, indic\u00f3.<\/p>\n\n\n\n<p>\u201cEl\nGobierno est\u00e1 comprometido con impulsar una gran participaci\u00f3n de los chilenos\ny asegurar un Plebiscito democr\u00e1tico, limpio y transparente. Y como es natural,\nnuestro Gobierno va a garantizar este Plebiscito y tambi\u00e9n va a respetar la\ndecisi\u00f3n que libre y soberanamente tomemos los chilenos el 26 de abril\u201d,\nenfatiz\u00f3.<\/p>\n","protected":false},"excerpt":{"rendered":"<p>El\u00a0presidente Sebasti\u00e1n Pi\u00f1era\u00a0encabez\u00f3 ayer lunes un\u00a0consejo de gabinete\u00a0en La Moneda, en la primera actividad tras regresar de sus vacaciones. En la oportunidad, el mandatario reiter\u00f3&hellip; <\/p>\n","protected":false},"author":2,"featured_media":21273,"comment_status":"open","ping_status":"closed","sticky":false,"template":"","format":"standard","meta":{"footnotes":""},"categories":[37],"tags":[],"class_list":["post-21272","post","type-post","status-publish","format-standard","has-post-thumbnail","hentry","category-nacional"],"_links":{"self":[{"href":"https:\/\/www.radioamigavallenar.cl\/index.php?rest_route=\/wp\/v2\/posts\/21272","targetHints":{"allow":["GET"]}}],"collection":[{"href":"https:\/\/www.radioamigavallenar.cl\/index.php?rest_route=\/wp\/v2\/posts"}],"about":[{"href":"https:\/\/www.radioamigavallenar.cl\/index.php?rest_route=\/wp\/v2\/types\/post"}],"author":[{"embeddable":true,"href":"https:\/\/www.radioamigavallenar.cl\/index.php?rest_route=\/wp\/v2\/users\/2"}],"replies":[{"embeddable":true,"href":"https:\/\/www.radioamigavallenar.cl\/index.php?rest_route=%2Fwp%2Fv2%2Fcomments&post=21272"}],"version-history":[{"count":0,"href":"https:\/\/www.radioamigavallenar.cl\/index.php?rest_route=\/wp\/v2\/posts\/21272\/revisions"}],"wp:featuredmedia":[{"embeddable":true,"href":"https:\/\/www.radioamigavallenar.cl\/index.php?rest_route=\/wp\/v2\/media\/21273"}],"wp:attachment":[{"href":"https:\/\/www.radioamigavallenar.cl\/index.php?rest_route=%2Fwp%2Fv2%2Fmedia&parent=21272"}],"wp:term":[{"taxonomy":"category","embeddable":true,"href":"https:\/\/www.radioamigavallenar.cl\/index.php?rest_route=%2Fwp%2Fv2%2Fcategories&post=21272"},{"taxonomy":"post_tag","embeddable":true,"href":"https:\/\/www.radioamigavallenar.cl\/index.php?rest_route=%2Fwp%2Fv2%2Ftags&post=21272"}],"curies":[{"name":"wp","href":"https:\/\/api.w.org\/{rel}","templated":true}]}}