{"id":21267,"date":"2020-02-25T00:00:00","date_gmt":"2020-02-25T03:00:00","guid":{"rendered":"https:\/\/www.radioamigavallenar.cl\/?p=21267"},"modified":"2020-02-24T23:17:30","modified_gmt":"2020-02-25T02:17:30","slug":"fiscalia-ordena-diligencias-por-accidente-en-faena-minera-que-causo-el-fallecimiento-de-un-trabajador","status":"publish","type":"post","link":"https:\/\/www.radioamigavallenar.cl\/?p=21267","title":{"rendered":"Fiscal\u00eda ordena diligencias por accidente en faena minera que caus\u00f3 el fallecimiento de un trabajador"},"content":{"rendered":"\n<div class=\"wp-block-image\"><figure class=\"aligncenter size-large is-resized\"><img loading=\"lazy\" decoding=\"async\" src=\"https:\/\/www.radioamigavallenar.cl\/wp-content\/uploads\/2020\/02\/IMG_2745-1024x683.jpg\" alt=\"\" class=\"wp-image-21269\" width=\"531\" height=\"353\" srcset=\"https:\/\/www.radioamigavallenar.cl\/wp-content\/uploads\/2020\/02\/IMG_2745-1024x683.jpg 1024w, https:\/\/www.radioamigavallenar.cl\/wp-content\/uploads\/2020\/02\/IMG_2745-300x200.jpg 300w, https:\/\/www.radioamigavallenar.cl\/wp-content\/uploads\/2020\/02\/IMG_2745-768x512.jpg 768w, https:\/\/www.radioamigavallenar.cl\/wp-content\/uploads\/2020\/02\/IMG_2745-1536x1024.jpg 1536w, https:\/\/www.radioamigavallenar.cl\/wp-content\/uploads\/2020\/02\/IMG_2745.jpg 1920w\" sizes=\"auto, (max-width: 531px) 100vw, 531px\" \/><\/figure><\/div>\n\n\n\n<p>La Fiscal\u00eda de Atacama orden\u00f3 diligencias investigativas con la finalidad de determinar las circunstancias que originaron el fallecimiento de un trabajador de una faena minera, hecho ocurrido la tarde de este lunes en Cha\u00f1aral.<\/p>\n\n\n\n<p>Los antecedentes preliminares de este caso los entreg\u00f3 el fiscal jefe de esta comuna, Marco Arenas Zeballos, quien indic\u00f3 que los antecedentes con que cuenta la Fiscal\u00eda dan cuenta que pasadas las 15 horas trabajadores de la mina \u201cLa Negrita\u201d, ubicada en el sector de Cerro Negro en la mencionada comuna, encontraron el cuerpo sin vida de uno de sus compa\u00f1eros en el sector del ingreso a esa faena.<\/p>\n\n\n\n<p>Seg\u00fan se\u00f1al\u00f3 el fiscal, la informaci\u00f3n que hasta ahora se maneja da cuenta que la v\u00edctima fatal de 45 a\u00f1os, habr\u00eda estado realizando tareas propias de la actividad minera en el acceso a la mina, labor que hac\u00eda sobre una escalera. Estructura que, por razones que son materia de investigaci\u00f3n, habr\u00eda cedido, originando la ca\u00edda del trabajador quien sufri\u00f3 lesiones de tal gravedad que le ocasionaron la muerte en el mismo lugar.<\/p>\n\n\n\n<p>Una vez que el fiscal Arenas tom\u00f3 conocimiento del deceso orden\u00f3 la presencia en el lugar de personal de la Bicrim de la PDI de este puerto con la finalidad de indagar lo ocurrido, adem\u00e1s de solicitar la presencia de funcionarios de Sernageomin y el Servicio M\u00e9dico Legal para proceder con el levantamiento del cuerpo.&nbsp;&nbsp;&nbsp;&nbsp;&nbsp;&nbsp;&nbsp;&nbsp;<\/p>\n","protected":false},"excerpt":{"rendered":"<p>La Fiscal\u00eda de Atacama orden\u00f3 diligencias investigativas con la finalidad de determinar las circunstancias que originaron el fallecimiento de un trabajador de una faena minera,&hellip; <\/p>\n","protected":false},"author":2,"featured_media":21269,"comment_status":"open","ping_status":"closed","sticky":false,"template":"","format":"standard","meta":{"footnotes":""},"categories":[7,6],"tags":[],"class_list":["post-21267","post","type-post","status-publish","format-standard","has-post-thumbnail","hentry","category-atacama","category-policial"],"_links":{"self":[{"href":"https:\/\/www.radioamigavallenar.cl\/index.php?rest_route=\/wp\/v2\/posts\/21267","targetHints":{"allow":["GET"]}}],"collection":[{"href":"https:\/\/www.radioamigavallenar.cl\/index.php?rest_route=\/wp\/v2\/posts"}],"about":[{"href":"https:\/\/www.radioamigavallenar.cl\/index.php?rest_route=\/wp\/v2\/types\/post"}],"author":[{"embeddable":true,"href":"https:\/\/www.radioamigavallenar.cl\/index.php?rest_route=\/wp\/v2\/users\/2"}],"replies":[{"embeddable":true,"href":"https:\/\/www.radioamigavallenar.cl\/index.php?rest_route=%2Fwp%2Fv2%2Fcomments&post=21267"}],"version-history":[{"count":0,"href":"https:\/\/www.radioamigavallenar.cl\/index.php?rest_route=\/wp\/v2\/posts\/21267\/revisions"}],"wp:featuredmedia":[{"embeddable":true,"href":"https:\/\/www.radioamigavallenar.cl\/index.php?rest_route=\/wp\/v2\/media\/21269"}],"wp:attachment":[{"href":"https:\/\/www.radioamigavallenar.cl\/index.php?rest_route=%2Fwp%2Fv2%2Fmedia&parent=21267"}],"wp:term":[{"taxonomy":"category","embeddable":true,"href":"https:\/\/www.radioamigavallenar.cl\/index.php?rest_route=%2Fwp%2Fv2%2Fcategories&post=21267"},{"taxonomy":"post_tag","embeddable":true,"href":"https:\/\/www.radioamigavallenar.cl\/index.php?rest_route=%2Fwp%2Fv2%2Ftags&post=21267"}],"curies":[{"name":"wp","href":"https:\/\/api.w.org\/{rel}","templated":true}]}}