{"id":21264,"date":"2020-02-25T00:00:00","date_gmt":"2020-02-25T03:00:00","guid":{"rendered":"https:\/\/www.radioamigavallenar.cl\/?p=21264"},"modified":"2020-02-24T22:51:54","modified_gmt":"2020-02-25T01:51:54","slug":"minvu-entrega-42-subsidios-habitacionales-a-familias-de-la-provincia-del-huasco","status":"publish","type":"post","link":"https:\/\/www.radioamigavallenar.cl\/?p=21264","title":{"rendered":"Minvu entrega 42 subsidios habitacionales a familias de la provincia del huasco"},"content":{"rendered":"\n<div class=\"wp-block-image\"><figure class=\"aligncenter size-large is-resized\"><img loading=\"lazy\" decoding=\"async\" src=\"https:\/\/www.radioamigavallenar.cl\/wp-content\/uploads\/2020\/02\/REIJ2946-1024x682.jpg\" alt=\"\" class=\"wp-image-21265\" width=\"568\" height=\"378\" srcset=\"https:\/\/www.radioamigavallenar.cl\/wp-content\/uploads\/2020\/02\/REIJ2946-1024x682.jpg 1024w, https:\/\/www.radioamigavallenar.cl\/wp-content\/uploads\/2020\/02\/REIJ2946-300x200.jpg 300w, https:\/\/www.radioamigavallenar.cl\/wp-content\/uploads\/2020\/02\/REIJ2946-768x512.jpg 768w, https:\/\/www.radioamigavallenar.cl\/wp-content\/uploads\/2020\/02\/REIJ2946.jpg 1280w\" sizes=\"auto, (max-width: 568px) 100vw, 568px\" \/><\/figure><\/div>\n\n\n\n<p>Emocionadas 42 familias de sectores emergentes y de clase media, de la Provincia del Huasco, es decir, de las comunas de Alto del Carmen, Vallenar, Freirina y Huasco, recibieron subsidio habitacional del Ministerio de Vivienda y Urbanismo para la compra de una casa o departamento y, en otros casos, para construir un inmueble en terrenos propios.<\/p>\n\n\n\n<p>La ceremonia estuvo marcada por la felicidad de las personas al iniciar una nueva etapa en sus vidas.<\/p>\n\n\n\n<p>El Intendente (s) de Atacama, Ignacio Urcull\u00fa sostuvo que \u201ccomo representante del Presidente, Sebasti\u00e1n Pi\u00f1era, nos pone muy contentos el darle este espaldarazo a la gente de clase media tan desprotegida. A partir de hoy ellos van a poder cumplir el sue\u00f1o, poder criar a sus hijos, van a poder recrearse en sus casas, van a tener un descanso mejor. Como Gobierno estamos muy comprometidos con las familias, porque sabemos que la clase media tiene un simbolismo grabado que es el sacrificio, el esfuerzo, y eso es lo que dignifica y enorgullece\u201d.<\/p>\n\n\n\n<p>Por su parte, el representante del Ministerio de Vivienda y Urbanismo, jefe de Operaciones Habitacionales de SERVIU Atacama, Sergio Carvajal, enfatiz\u00f3 que \u201ccada uno de los beneficiarios de este subsidio podr\u00e1n hacer uso en los distintos proyectos que tenemos en la regi\u00f3n, en particular en los integrados socialmente en la Provincia del Huasco.<\/p>\n\n\n\n<p>Asimismo, explic\u00f3 que, de las 42 familias beneficiarias, 36 postularon a la compra de una vivienda nueva o usada, mientras que 5 en Vallenar y 1 en Huasco lo hicieron para construir su casa en un terreno de su propiedad.<\/p>\n\n\n\n<p>De igual forma, Sergio Carvajal, inform\u00f3 que la inversi\u00f3n MINVU en la entrega de los subsidios, alcanza a las 19.400 UF, es decir, a una cifra de 550 millones de pesos.<\/p>\n\n\n\n<p>Alejandra Castillo, alegre beneficiaria, subray\u00f3 que junto a su familia se han esforzado para conseguir el subsidio habitacional que les permitir\u00e1 obtener la anhelada casa propia.<\/p>\n\n\n\n<p>\u201cMe siento muy feliz con mi marido y mis 5 hijos que siempre me han acompa\u00f1ado en todo. Llevamos 6 a\u00f1os arrendando y se nos ha hecho muy pesado, muy dif\u00edcil. Y ahora otra etapa, muy feliz, muy contentos, gracias todos\u201d, destac\u00f3 Alejandra.<\/p>\n\n\n\n<p>El Programa Sistema Integrado de Subsidio Habitacional permite a familias que no son due\u00f1as de una vivienda y tienen capacidad de ahorro, acceder a una ayuda econ\u00f3mica para comprar una casa o departamento, nuevo o usado, de un valor de 1.000, 1.400 o m\u00e1ximo de 2.200 Unidades de Fomento (UF), seg\u00fan el tramo al que hayan postulado.<\/p>\n\n\n\n<p>Tambi\u00e9n, este apoyo del Estado, permite a las familias que no son due\u00f1as de una vivienda, y tienen capacidad de ahorro, construir una casa de hasta 140 m2 en un sitio propio o densificaci\u00f3n predial, es decir, edificar en un terreno donde ya existe otra. Cada proyecto habitacional debe tener a lo menos tres recintos (un ba\u00f1o, estar \u2013comedor-cocina y un dormitorio). La vivienda debe tener un valor m\u00e1ximo de 1.400 y 2.200 UF, seg\u00fan al tramo de subsidio al que la familia postule.<\/p>\n","protected":false},"excerpt":{"rendered":"<p>Emocionadas 42 familias de sectores emergentes y de clase media, de la Provincia del Huasco, es decir, de las comunas de Alto del Carmen, Vallenar,&hellip; <\/p>\n","protected":false},"author":2,"featured_media":21265,"comment_status":"open","ping_status":"closed","sticky":false,"template":"","format":"standard","meta":{"footnotes":""},"categories":[1,2],"tags":[],"class_list":["post-21264","post","type-post","status-publish","format-standard","has-post-thumbnail","hentry","category-provincia-del-huasco-2","category-vallenar"],"_links":{"self":[{"href":"https:\/\/www.radioamigavallenar.cl\/index.php?rest_route=\/wp\/v2\/posts\/21264","targetHints":{"allow":["GET"]}}],"collection":[{"href":"https:\/\/www.radioamigavallenar.cl\/index.php?rest_route=\/wp\/v2\/posts"}],"about":[{"href":"https:\/\/www.radioamigavallenar.cl\/index.php?rest_route=\/wp\/v2\/types\/post"}],"author":[{"embeddable":true,"href":"https:\/\/www.radioamigavallenar.cl\/index.php?rest_route=\/wp\/v2\/users\/2"}],"replies":[{"embeddable":true,"href":"https:\/\/www.radioamigavallenar.cl\/index.php?rest_route=%2Fwp%2Fv2%2Fcomments&post=21264"}],"version-history":[{"count":0,"href":"https:\/\/www.radioamigavallenar.cl\/index.php?rest_route=\/wp\/v2\/posts\/21264\/revisions"}],"wp:featuredmedia":[{"embeddable":true,"href":"https:\/\/www.radioamigavallenar.cl\/index.php?rest_route=\/wp\/v2\/media\/21265"}],"wp:attachment":[{"href":"https:\/\/www.radioamigavallenar.cl\/index.php?rest_route=%2Fwp%2Fv2%2Fmedia&parent=21264"}],"wp:term":[{"taxonomy":"category","embeddable":true,"href":"https:\/\/www.radioamigavallenar.cl\/index.php?rest_route=%2Fwp%2Fv2%2Fcategories&post=21264"},{"taxonomy":"post_tag","embeddable":true,"href":"https:\/\/www.radioamigavallenar.cl\/index.php?rest_route=%2Fwp%2Fv2%2Ftags&post=21264"}],"curies":[{"name":"wp","href":"https:\/\/api.w.org\/{rel}","templated":true}]}}