{"id":21250,"date":"2020-02-25T00:00:00","date_gmt":"2020-02-25T03:00:00","guid":{"rendered":"https:\/\/www.radioamigavallenar.cl\/?p=21250"},"modified":"2020-02-25T00:03:23","modified_gmt":"2020-02-25T03:03:23","slug":"gobierno-anuncia-despliegue-de-carabineras-en-atacama-para-el-dia-internacional-de-la-mujer","status":"publish","type":"post","link":"https:\/\/www.radioamigavallenar.cl\/?p=21250","title":{"rendered":"Gobierno anuncia despliegue de carabineras en Atacama para el D\u00eda Internacional de la Mujer"},"content":{"rendered":"\n<div class=\"wp-block-image\"><figure class=\"aligncenter size-large\"><img loading=\"lazy\" decoding=\"async\" width=\"1024\" height=\"683\" src=\"https:\/\/www.radioamigavallenar.cl\/wp-content\/uploads\/2020\/02\/Coordinaci\u00f3n-8M-1-1024x683.jpg\" alt=\"\" class=\"wp-image-21251\" srcset=\"https:\/\/www.radioamigavallenar.cl\/wp-content\/uploads\/2020\/02\/Coordinaci\u00f3n-8M-1-1024x683.jpg 1024w, https:\/\/www.radioamigavallenar.cl\/wp-content\/uploads\/2020\/02\/Coordinaci\u00f3n-8M-1-300x200.jpg 300w, https:\/\/www.radioamigavallenar.cl\/wp-content\/uploads\/2020\/02\/Coordinaci\u00f3n-8M-1-768x512.jpg 768w, https:\/\/www.radioamigavallenar.cl\/wp-content\/uploads\/2020\/02\/Coordinaci\u00f3n-8M-1-1536x1024.jpg 1536w, https:\/\/www.radioamigavallenar.cl\/wp-content\/uploads\/2020\/02\/Coordinaci\u00f3n-8M-1-2048x1365.jpg 2048w\" sizes=\"auto, (max-width: 1024px) 100vw, 1024px\" \/><\/figure><\/div>\n\n\n\n<p>Esta ma\u00f1ana, el Intendente de Atacama, Patricio Urquieta se reuni\u00f3 con la Seremi de la Mujer,&nbsp;Jessica G\u00f3mez y Carabineros de Chile con el objetivo de coordinar la seguridad para el D\u00eda Internacional de la Mujer.<\/p>\n\n\n\n<p>En la reuni\u00f3n se abordaron las actividades que se realizar\u00e1n el 8 de marzo en la regi\u00f3n y se acord\u00f3 que las labores log\u00edsticas de prevenci\u00f3n, soporte y asistencia en el marco de la manifestaci\u00f3n masiva de ese d\u00eda, tal como en el resto del pa\u00eds, ser\u00e1n lideradas por mujeres del Gobierno.<\/p>\n\n\n\n<p>El Intendente de Atacama, Patricio Urquieta, dijo que \u201cnuestro prop\u00f3sito es promover y tomar todas las medidas de resguardo para que las mujeres que decidan celebrar o conmemorar este 8 de marzo por medio de movilizaciones, lo hagan de manera pac\u00edfica. Lo que m\u00e1s queremos es apoyar el derecho a manifestarse, a ejercer la libertad de expresi\u00f3n, pero que se haga cumpliendo tambi\u00e9n los deberes, esto significa que para efectos de poder desarrollar una movilizaci\u00f3n se tiene que realizar pidiendo la autorizaci\u00f3n respectiva a la Gobernaci\u00f3n, a fin de que podamos conocer al responsable de la convocatoria, el trazado y el horario en el que se va a desarrollar esta actividad\u201d.<\/p>\n\n\n\n<p>Entre los anuncios est\u00e1 que en la Regi\u00f3n de Atacama ser\u00e1n 57 las funcionarias mujeres de Carabineros que estar\u00e1n resguardando el orden p\u00fablico. En la actividad de coordinaci\u00f3n estuvieron adem\u00e1s la Subsecretar\u00eda de Prevenci\u00f3n del Delito, la Onemi y los Gobernadores de las tres provincias.&nbsp;<\/p>\n\n\n\n<p>Por su parte, la Seremi de la Mujer, Jessica G\u00f3mez, enfatiz\u00f3 que \u201choy tuvimos la primera reuni\u00f3n de coordinaci\u00f3n, junto a Carabineros y el Intendente para definir las tareas y acciones que cada una en el \u00e1mbito de sus competencias realizar\u00e1 para que las diversas actividades que se est\u00e1n programando con motivo del mes de la Mujer y especialmente el 8 de marzo se realicen con la mayor normalidad posible y que todas las mujeres podamos participar, al igual que en a\u00f1os anteriores, en ambiente pac\u00edfico y seguro\u201d.<\/p>\n\n\n\n<p>La Mayor de Carabineros,&nbsp;Vesna Rivas, dijo que \u201cnosotros, como Carabineros, vamos a hacer todo lo humanamente posible para que este d\u00eda, 8 de marzo, podamos celebrar nosotras las mujeres un d\u00eda especial, que sea de encuentro familiar, seguro y tranquilo, para ello Carabineros de Chile me dej\u00f3 liderando los servicios policiales extraordinarios para esta eventualidad, conjuntamente con dos oficiales y 57 funcionarias de Carabineros quienes las vamos a acompa\u00f1ar en la marcha de forma pac\u00edfica\u201d.&nbsp;<\/p>\n","protected":false},"excerpt":{"rendered":"<p>Esta ma\u00f1ana, el Intendente de Atacama, Patricio Urquieta se reuni\u00f3 con la Seremi de la Mujer,&nbsp;Jessica G\u00f3mez y Carabineros de Chile con el objetivo de&hellip; <\/p>\n","protected":false},"author":2,"featured_media":21251,"comment_status":"open","ping_status":"closed","sticky":false,"template":"","format":"standard","meta":{"footnotes":""},"categories":[7],"tags":[],"class_list":["post-21250","post","type-post","status-publish","format-standard","has-post-thumbnail","hentry","category-atacama"],"_links":{"self":[{"href":"https:\/\/www.radioamigavallenar.cl\/index.php?rest_route=\/wp\/v2\/posts\/21250","targetHints":{"allow":["GET"]}}],"collection":[{"href":"https:\/\/www.radioamigavallenar.cl\/index.php?rest_route=\/wp\/v2\/posts"}],"about":[{"href":"https:\/\/www.radioamigavallenar.cl\/index.php?rest_route=\/wp\/v2\/types\/post"}],"author":[{"embeddable":true,"href":"https:\/\/www.radioamigavallenar.cl\/index.php?rest_route=\/wp\/v2\/users\/2"}],"replies":[{"embeddable":true,"href":"https:\/\/www.radioamigavallenar.cl\/index.php?rest_route=%2Fwp%2Fv2%2Fcomments&post=21250"}],"version-history":[{"count":0,"href":"https:\/\/www.radioamigavallenar.cl\/index.php?rest_route=\/wp\/v2\/posts\/21250\/revisions"}],"wp:featuredmedia":[{"embeddable":true,"href":"https:\/\/www.radioamigavallenar.cl\/index.php?rest_route=\/wp\/v2\/media\/21251"}],"wp:attachment":[{"href":"https:\/\/www.radioamigavallenar.cl\/index.php?rest_route=%2Fwp%2Fv2%2Fmedia&parent=21250"}],"wp:term":[{"taxonomy":"category","embeddable":true,"href":"https:\/\/www.radioamigavallenar.cl\/index.php?rest_route=%2Fwp%2Fv2%2Fcategories&post=21250"},{"taxonomy":"post_tag","embeddable":true,"href":"https:\/\/www.radioamigavallenar.cl\/index.php?rest_route=%2Fwp%2Fv2%2Ftags&post=21250"}],"curies":[{"name":"wp","href":"https:\/\/api.w.org\/{rel}","templated":true}]}}