{"id":21247,"date":"2020-02-24T12:25:51","date_gmt":"2020-02-24T15:25:51","guid":{"rendered":"https:\/\/www.radioamigavallenar.cl\/?p=21247"},"modified":"2020-02-24T22:34:54","modified_gmt":"2020-02-25T01:34:54","slug":"venezolanos-residentes-en-vallenar-tambien-celebraron-su-dia","status":"publish","type":"post","link":"https:\/\/www.radioamigavallenar.cl\/?p=21247","title":{"rendered":"Venezolanos residentes en Vallenar tambi\u00e9n celebraron su d\u00eda."},"content":{"rendered":"\n<div class=\"wp-block-image\"><figure class=\"aligncenter size-large\"><img loading=\"lazy\" decoding=\"async\" width=\"1024\" height=\"684\" src=\"https:\/\/www.radioamigavallenar.cl\/wp-content\/uploads\/2020\/02\/DSC_0793-1024x684.jpg\" alt=\"\" class=\"wp-image-21248\" srcset=\"https:\/\/www.radioamigavallenar.cl\/wp-content\/uploads\/2020\/02\/DSC_0793-1024x684.jpg 1024w, https:\/\/www.radioamigavallenar.cl\/wp-content\/uploads\/2020\/02\/DSC_0793-300x201.jpg 300w, https:\/\/www.radioamigavallenar.cl\/wp-content\/uploads\/2020\/02\/DSC_0793-768x513.jpg 768w, https:\/\/www.radioamigavallenar.cl\/wp-content\/uploads\/2020\/02\/DSC_0793-1536x1027.jpg 1536w, https:\/\/www.radioamigavallenar.cl\/wp-content\/uploads\/2020\/02\/DSC_0793-2048x1369.jpg 2048w\" sizes=\"auto, (max-width: 1024px) 100vw, 1024px\" \/><\/figure><\/div>\n\n\n\n<p>Una jornada redonda se\nvivi\u00f3 el s\u00e1bado reci\u00e9n pasado en Vallenar con la celebraci\u00f3n de la noche\nvenezolana, iniciativa del municipio de Vallenar que tienen como objetivo brindar\na los hermanos extranjeros un espacio donde puedan mostrar sus costumbres y\ntradiciones en torno a una jornada musical.<\/p>\n\n\n\n<p>Tal como se hizo con la\nnoche mexicana y colombiana fueron cientos las personas que llegaron al paseo\nribere\u00f1o para conocer de una rica y variada gastronom\u00eda venezolana, con platos\nt\u00edpicosque fueron muy apetecidos por los asistentes.<\/p>\n\n\n\n<p>La colonia venezolana la\nintegran un grupo importante de personas que han llegado a la ciudad de\nVallenar hace m\u00e1s de 10 a\u00f1os para buscar nuevas oportunidades laborales, siendo\nmuy bien acogidos e integrados por la comunidad local.<\/p>\n\n\n\n<p>La actividad comenz\u00f3 con\nla presentaci\u00f3n de n\u00fameros art\u00edsticos a cargo de una peque\u00f1a delegaci\u00f3n de\nresidentes venezolanos, para luego dar paso a la presentaci\u00f3n musical del grupo\nlocal de Vallenar, la \u201cCombo Bangu\u201d y el grupo \u201cEnsamble mi Querencia\u201d de La\nSerena.<\/p>\n\n\n\n<p>Mar\u00eda de los \u00c1ngeles\nvenezolana del estado de portuguesa, qui\u00e9n lleva un a\u00f1o y tres meses en\nVallenar, manifest\u00f3 sentirse muy emocionada y agradecida del municipio por el\nespacio que le brindan para dar a conocer sus costumbres y celebrar su d\u00eda.<\/p>\n\n\n\n<p><strong>\u201cMe parece fenomenal que nos den un espacio,\nporque yo creo que el mundo es un lugar para todos y aqu\u00ed yo veo como el\nreflejo, ojal\u00e1 todos los pa\u00edses, en todos los sitios nos hicieran este\nhomenaje, porque para m\u00ed es un homenaje a Venezuela y nosotros nos sentimos\ncomo en casa, de verdad totalmente agradecidas con ustedes\u201d.<\/strong><\/p>\n\n\n\n<p>Marcos Mar\u00edn, otro\nvenezolano que expon\u00eda parte de sus productos en la jornada del s\u00e1bado de igual\nmodo se manifest\u00f3 muy contento con la oportunidad de celebrar a su pa\u00eds.<\/p>\n\n\n\n<p><strong>\u201cEs el primer a\u00f1o que se hace la noche venezolana\ny me siento muy contento por que nos incluyen en esta fusi\u00f3n lo que es Chile y\nVenezuela y a partir de ahora me siento m\u00e1s integrado a chile\u201d.<\/strong><\/p>\n\n\n\n<p>El alcalde de la comuna,\nCristian Tapia Ramos, tuvo palabras de agradecimiento a la comunidad\nvallenarina y a los venezolanos por participar en esta actividad.<\/p>\n\n\n\n<p><strong>\u201cLo cierto que al principio cuando escuch\u00e1bamos el\nhimno nacional, vi a muchos venezolanos ac\u00e1 arriba emocionados, y como no\nestarlo, me ha tocado cantar el himno nacional de Chile fuera y la verdad uno\nsiento que el coraz\u00f3n uno siente que va a explotar y ustedes que han venido\nhacer patria a nuestro pa\u00eds, s\u00e9 que no ha sido f\u00e1cil y es por eso que esta\nnoche tem\u00e1tica, es acercar la cultura de Venezuela, es acercarlos a ustedes\nnuevamente a su pa\u00eds, porque han pasado momentos complicados, ustedes han\nvenido a buscar un espacio, han venido a aportar a nuestra tierra, as\u00ed que d\u00e9mosle\nlos chilenos un fuerte aplauso a todos los venezolanos y venezolanas porque nos\nest\u00e1n permitiendo a nosotros los chilenos conocer un o poco m\u00e1s de sus\nculturas.<\/strong><\/p>\n\n\n\n<p><strong>Yo creo que las culturas, los pa\u00edses, se hacen de\nsu gente, han llegado a Chile, han llegado a Vallenar, el vallenarino tiene as\u00ed\nun coraz\u00f3n y el d\u00eda de hoy se lo han demostrado al tener m\u00e1s de 2.500 personas\nen este lugar celebrando y recogiendo lo mejor de ustedes en esta hermosa\ntierra\u201d.&nbsp;&nbsp;&nbsp;&nbsp;&nbsp;&nbsp;&nbsp;&nbsp; <\/strong><\/p>\n","protected":false},"excerpt":{"rendered":"<p>Una jornada redonda se vivi\u00f3 el s\u00e1bado reci\u00e9n pasado en Vallenar con la celebraci\u00f3n de la noche venezolana, iniciativa del municipio de Vallenar que tienen&hellip; <\/p>\n","protected":false},"author":2,"featured_media":21248,"comment_status":"open","ping_status":"closed","sticky":false,"template":"","format":"standard","meta":{"footnotes":""},"categories":[2],"tags":[],"class_list":["post-21247","post","type-post","status-publish","format-standard","has-post-thumbnail","hentry","category-vallenar"],"_links":{"self":[{"href":"https:\/\/www.radioamigavallenar.cl\/index.php?rest_route=\/wp\/v2\/posts\/21247","targetHints":{"allow":["GET"]}}],"collection":[{"href":"https:\/\/www.radioamigavallenar.cl\/index.php?rest_route=\/wp\/v2\/posts"}],"about":[{"href":"https:\/\/www.radioamigavallenar.cl\/index.php?rest_route=\/wp\/v2\/types\/post"}],"author":[{"embeddable":true,"href":"https:\/\/www.radioamigavallenar.cl\/index.php?rest_route=\/wp\/v2\/users\/2"}],"replies":[{"embeddable":true,"href":"https:\/\/www.radioamigavallenar.cl\/index.php?rest_route=%2Fwp%2Fv2%2Fcomments&post=21247"}],"version-history":[{"count":0,"href":"https:\/\/www.radioamigavallenar.cl\/index.php?rest_route=\/wp\/v2\/posts\/21247\/revisions"}],"wp:featuredmedia":[{"embeddable":true,"href":"https:\/\/www.radioamigavallenar.cl\/index.php?rest_route=\/wp\/v2\/media\/21248"}],"wp:attachment":[{"href":"https:\/\/www.radioamigavallenar.cl\/index.php?rest_route=%2Fwp%2Fv2%2Fmedia&parent=21247"}],"wp:term":[{"taxonomy":"category","embeddable":true,"href":"https:\/\/www.radioamigavallenar.cl\/index.php?rest_route=%2Fwp%2Fv2%2Fcategories&post=21247"},{"taxonomy":"post_tag","embeddable":true,"href":"https:\/\/www.radioamigavallenar.cl\/index.php?rest_route=%2Fwp%2Fv2%2Ftags&post=21247"}],"curies":[{"name":"wp","href":"https:\/\/api.w.org\/{rel}","templated":true}]}}