{"id":21233,"date":"2020-02-24T00:00:00","date_gmt":"2020-02-24T03:00:00","guid":{"rendered":"https:\/\/www.radioamigavallenar.cl\/?p=21233"},"modified":"2020-02-24T10:27:20","modified_gmt":"2020-02-24T13:27:20","slug":"un-fallecido-tras-volcamiento-en-las-cercanias-de-carrizalillo","status":"publish","type":"post","link":"https:\/\/www.radioamigavallenar.cl\/?p=21233","title":{"rendered":"Un fallecido tras  volcamiento , en las cercan\u00edas de Carrizalillo."},"content":{"rendered":"\n<div class=\"wp-block-image\"><figure class=\"aligncenter size-large\"><img loading=\"lazy\" decoding=\"async\" width=\"699\" height=\"485\" src=\"https:\/\/www.radioamigavallenar.cl\/wp-content\/uploads\/2020\/02\/samu-noche.jpg\" alt=\"\" class=\"wp-image-21234\" srcset=\"https:\/\/www.radioamigavallenar.cl\/wp-content\/uploads\/2020\/02\/samu-noche.jpg 699w, https:\/\/www.radioamigavallenar.cl\/wp-content\/uploads\/2020\/02\/samu-noche-300x208.jpg 300w\" sizes=\"auto, (max-width: 699px) 100vw, 699px\" \/><\/figure><\/div>\n\n\n\n<p>Cerca de las 20:30 horas de este s\u00e1bado, se produjo el volcamiento de un veh\u00edculo menor&nbsp; en las cercan\u00edas de la localidad de Carrizalillo, en la comuna de Freirina.<\/p>\n\n\n\n<p>El hecho se registr\u00f3 en la ruta 500, en el km 17, donde por razones que se deben indagar, se produjo este accidente, resultando tres personas lesionadas.<\/p>\n\n\n\n<p>Al lugar del siniestro se trasladaron los servicios de emergencia, como la Brigada bomberil de Caleta Cha\u00f1aral de Aceituno, Ambulancia SAMU y Carabineros.<\/p>\n\n\n\n<p>Los ocupantes del m\u00f3vil fueron trasladados hasta el hospital provincial del Huasco, en la comuna de Vallenar, resultando uno de ellos fallecido. Se tratar\u00eda de una mujer adulta, la que tendr\u00eda residencia en Coquimbo.<\/p>\n\n\n\n<p>FUENTE: Radio Nostalgica<\/p>\n","protected":false},"excerpt":{"rendered":"<p>Cerca de las 20:30 horas de este s\u00e1bado, se produjo el volcamiento de un veh\u00edculo menor&nbsp; en las cercan\u00edas de la localidad de Carrizalillo, en&hellip; <\/p>\n","protected":false},"author":2,"featured_media":21234,"comment_status":"open","ping_status":"closed","sticky":false,"template":"","format":"standard","meta":{"footnotes":""},"categories":[3,1],"tags":[],"class_list":["post-21233","post","type-post","status-publish","format-standard","has-post-thumbnail","hentry","category-freirina","category-provincia-del-huasco-2"],"_links":{"self":[{"href":"https:\/\/www.radioamigavallenar.cl\/index.php?rest_route=\/wp\/v2\/posts\/21233","targetHints":{"allow":["GET"]}}],"collection":[{"href":"https:\/\/www.radioamigavallenar.cl\/index.php?rest_route=\/wp\/v2\/posts"}],"about":[{"href":"https:\/\/www.radioamigavallenar.cl\/index.php?rest_route=\/wp\/v2\/types\/post"}],"author":[{"embeddable":true,"href":"https:\/\/www.radioamigavallenar.cl\/index.php?rest_route=\/wp\/v2\/users\/2"}],"replies":[{"embeddable":true,"href":"https:\/\/www.radioamigavallenar.cl\/index.php?rest_route=%2Fwp%2Fv2%2Fcomments&post=21233"}],"version-history":[{"count":0,"href":"https:\/\/www.radioamigavallenar.cl\/index.php?rest_route=\/wp\/v2\/posts\/21233\/revisions"}],"wp:featuredmedia":[{"embeddable":true,"href":"https:\/\/www.radioamigavallenar.cl\/index.php?rest_route=\/wp\/v2\/media\/21234"}],"wp:attachment":[{"href":"https:\/\/www.radioamigavallenar.cl\/index.php?rest_route=%2Fwp%2Fv2%2Fmedia&parent=21233"}],"wp:term":[{"taxonomy":"category","embeddable":true,"href":"https:\/\/www.radioamigavallenar.cl\/index.php?rest_route=%2Fwp%2Fv2%2Fcategories&post=21233"},{"taxonomy":"post_tag","embeddable":true,"href":"https:\/\/www.radioamigavallenar.cl\/index.php?rest_route=%2Fwp%2Fv2%2Ftags&post=21233"}],"curies":[{"name":"wp","href":"https:\/\/api.w.org\/{rel}","templated":true}]}}