{"id":21230,"date":"2020-02-24T00:00:00","date_gmt":"2020-02-24T03:00:00","guid":{"rendered":"https:\/\/www.radioamigavallenar.cl\/?p=21230"},"modified":"2020-02-23T20:54:44","modified_gmt":"2020-02-23T23:54:44","slug":"coronavirus-podria-afectar-economia-chilena-ante-eventual-baja-en-ventas-del-cobre","status":"publish","type":"post","link":"https:\/\/www.radioamigavallenar.cl\/?p=21230","title":{"rendered":"coronavirus podr\u00eda afectar econom\u00eda chilena ante eventual baja en ventas del cobre"},"content":{"rendered":"\n<div class=\"wp-block-image\"><figure class=\"aligncenter size-large\"><img loading=\"lazy\" decoding=\"async\" width=\"900\" height=\"600\" src=\"https:\/\/www.radioamigavallenar.cl\/wp-content\/uploads\/2020\/02\/000-Cobre.jpg\" alt=\"\" class=\"wp-image-21231\" srcset=\"https:\/\/www.radioamigavallenar.cl\/wp-content\/uploads\/2020\/02\/000-Cobre.jpg 900w, https:\/\/www.radioamigavallenar.cl\/wp-content\/uploads\/2020\/02\/000-Cobre-300x200.jpg 300w, https:\/\/www.radioamigavallenar.cl\/wp-content\/uploads\/2020\/02\/000-Cobre-768x512.jpg 768w\" sizes=\"auto, (max-width: 900px) 100vw, 900px\" \/><\/figure><\/div>\n\n\n\n<p>La aparici\u00f3n del nuevo coronavirus (covid-2019) no s\u00f3lo significa una amenaza para la salud mundial, sino que para la econom\u00eda, mediante el freno de las exportaciones.<\/p>\n\n\n\n<p>Seg\u00fan consign\u00f3&nbsp;<a href=\"https:\/\/elpais.com\/economia\/2020\/02\/21\/actualidad\/1582296766_454864.html\">El Pa\u00eds<\/a>, Chile y Per\u00fa son los mayores productores de cobre del planeta, conteniendo el 40% de la oferta a nivel global, los cuales podr\u00edan ver una afectaci\u00f3n considerable en su econom\u00eda&nbsp;<strong>si menguara la comercializaci\u00f3n del mineral.&nbsp;<\/strong><\/p>\n\n\n\n<p>A su vez, los analistas afirman que Brasil tambi\u00e9n se ver\u00eda perjudicado por las ventas de hierro. En tanto, M\u00e9xico, otra de las econom\u00edas importantes de la regi\u00f3n, no presentar\u00eda mayores cambios.<\/p>\n\n\n\n<p>Eso s\u00ed, y de acuerdo al banco estadounidense Goldman Sachs, el impacto del coronavirus en la econom\u00eda latinoamericana ser\u00eda \u201cpeque\u00f1o\u201d y modesto\u201d, siempre que los efectos que tenga el coronavirus en la econom\u00eda china no sean m\u00e1s graves de lo que se prev\u00e9.<\/p>\n\n\n\n<p>Sin considerar ese escenario,&nbsp;<strong>la cotizaci\u00f3n del cobre ha registrado una ca\u00edda de un 10%<\/strong>, lo cual podr\u00eda intensificarse si se pone un freno a las exportaciones del mineral al gigante asi\u00e1tico. En ese sentido, y teniendo en cuanta que la producci\u00f3n del cobre en Chile representa un 28% de la oferta mundial, y un 12% en el caso de Per\u00fa, los da\u00f1os en la econom\u00eda de ambos ser\u00edan importantes.<\/p>\n\n\n\n<p>Frente a esto, Goldman Sachs apunta que la ca\u00edda del cobre antes mencionada&nbsp;<strong>recortar\u00eda en un 1,2% el Producto Interno Bruto (PIB) chileno<\/strong>, en un 1% el de Per\u00fa, y un 0,5% en Brasil.<\/p>\n\n\n\n<p>Esta proyecci\u00f3n hizo que, durante esta semana, la Comisi\u00f3n Chilena del Cobre (Cochilco) saliera a aclarar que, si bien la demanda de cobre desde China tendr\u00e1 una disminuci\u00f3n en 2020, no generar\u00e1 una crisis.<\/p>\n\n\n\n<p>Asimismo, el ministro de Miner\u00eda, Baldo Prokurika, afirm\u00f3 que&nbsp;<strong>los efectos deber\u00edan ser pasajeros.<\/strong><\/p>\n\n\n\n<p><a href=\"https:\/\/www.biobiochile.cl\/noticias\/economia\/actualidad-economica\/2020\/02\/17\/cochilco-admite-que-por-coronavirus-bajara-la-demanda-de-cobre-desde-china-pero-descarta-crisis.shtml\"><\/a><\/p>\n\n\n\n<p>Adem\u00e1s, cabe destacar que existen otros factores que ya est\u00e1n golpeando a la econom\u00eda en Chile, como lo es la quiebra de empresas o la merma en las ventas tras el estallido social. Se trata de aristas que podr\u00edan aumentar en los meses venideros y tras los resultados del plebiscito, las que tambi\u00e9n podr\u00edan causar impacto en el PIB.<\/p>\n\n\n\n<p>\u201cCon una econom\u00eda peque\u00f1a y abierta, y siendo un activo exportador de materias primas (cobre entre ellas) a China, las condiciones de Chile le hacen particularmente vulnerable al impacto del coronavirus\u201d, apunt\u00f3 Felipe Hern\u00e1ndez, de Bloomberg, seg\u00fan recogi\u00f3 el medio espa\u00f1ol.&nbsp;<\/p>\n\n\n\n<p>Por su parte, el banco Citi agrup\u00f3 a nuestro pa\u00eds con Per\u00fa, Brasil y Ecuador como&nbsp;<strong>las naciones con mayor vulnerabilidad.<\/strong>&nbsp;Lo anterior teniendo en cuenta las variables de crecimiento econ\u00f3mico, cadenas de suministro, materias primas y riesgos de volatilidad en su mercado exterior.<\/p>\n\n\n\n<p>En tanto, el Bank of America Merrill Lynch, apunt\u00f3 que la econom\u00eda se deteriorar\u00e1 en los pr\u00f3ximos seis meses, incluso m\u00e1s que en el \u00faltimo tiempo.<\/p>\n","protected":false},"excerpt":{"rendered":"<p>La aparici\u00f3n del nuevo coronavirus (covid-2019) no s\u00f3lo significa una amenaza para la salud mundial, sino que para la econom\u00eda, mediante el freno de las&hellip; <\/p>\n","protected":false},"author":2,"featured_media":21231,"comment_status":"open","ping_status":"closed","sticky":false,"template":"","format":"standard","meta":{"footnotes":""},"categories":[34],"tags":[],"class_list":["post-21230","post","type-post","status-publish","format-standard","has-post-thumbnail","hentry","category-mineria"],"_links":{"self":[{"href":"https:\/\/www.radioamigavallenar.cl\/index.php?rest_route=\/wp\/v2\/posts\/21230","targetHints":{"allow":["GET"]}}],"collection":[{"href":"https:\/\/www.radioamigavallenar.cl\/index.php?rest_route=\/wp\/v2\/posts"}],"about":[{"href":"https:\/\/www.radioamigavallenar.cl\/index.php?rest_route=\/wp\/v2\/types\/post"}],"author":[{"embeddable":true,"href":"https:\/\/www.radioamigavallenar.cl\/index.php?rest_route=\/wp\/v2\/users\/2"}],"replies":[{"embeddable":true,"href":"https:\/\/www.radioamigavallenar.cl\/index.php?rest_route=%2Fwp%2Fv2%2Fcomments&post=21230"}],"version-history":[{"count":0,"href":"https:\/\/www.radioamigavallenar.cl\/index.php?rest_route=\/wp\/v2\/posts\/21230\/revisions"}],"wp:featuredmedia":[{"embeddable":true,"href":"https:\/\/www.radioamigavallenar.cl\/index.php?rest_route=\/wp\/v2\/media\/21231"}],"wp:attachment":[{"href":"https:\/\/www.radioamigavallenar.cl\/index.php?rest_route=%2Fwp%2Fv2%2Fmedia&parent=21230"}],"wp:term":[{"taxonomy":"category","embeddable":true,"href":"https:\/\/www.radioamigavallenar.cl\/index.php?rest_route=%2Fwp%2Fv2%2Fcategories&post=21230"},{"taxonomy":"post_tag","embeddable":true,"href":"https:\/\/www.radioamigavallenar.cl\/index.php?rest_route=%2Fwp%2Fv2%2Ftags&post=21230"}],"curies":[{"name":"wp","href":"https:\/\/api.w.org\/{rel}","templated":true}]}}