{"id":21218,"date":"2020-02-22T10:23:01","date_gmt":"2020-02-22T13:23:01","guid":{"rendered":"https:\/\/www.radioamigavallenar.cl\/?p=21218"},"modified":"2020-02-22T10:23:02","modified_gmt":"2020-02-22T13:23:02","slug":"core-anuncio-50-de-avance-del-programa-reduccion-lista-de-espera-para-pacientes-no-auge-en-cirugia-protesis-de-rodilla","status":"publish","type":"post","link":"https:\/\/www.radioamigavallenar.cl\/?p=21218","title":{"rendered":"CORE anunci\u00f3 50% de avance del programa reducci\u00f3n lista de espera para pacientes no AUGE en Cirug\u00eda Pr\u00f3tesis de Rodilla."},"content":{"rendered":"\n<div class=\"wp-block-image\"><figure class=\"aligncenter size-large\"><img loading=\"lazy\" decoding=\"async\" width=\"800\" height=\"445\" src=\"https:\/\/www.radioamigavallenar.cl\/wp-content\/uploads\/2020\/02\/RODILLA-800x445-1.jpg\" alt=\"\" class=\"wp-image-21219\" srcset=\"https:\/\/www.radioamigavallenar.cl\/wp-content\/uploads\/2020\/02\/RODILLA-800x445-1.jpg 800w, https:\/\/www.radioamigavallenar.cl\/wp-content\/uploads\/2020\/02\/RODILLA-800x445-1-300x167.jpg 300w, https:\/\/www.radioamigavallenar.cl\/wp-content\/uploads\/2020\/02\/RODILLA-800x445-1-768x427.jpg 768w\" sizes=\"auto, (max-width: 800px) 100vw, 800px\" \/><\/figure><\/div>\n\n\n\n<p>En un desayuno efectuado en dependencias del CORE, autoridades se reunieron con beneficiarios del programa regional de reducci\u00f3n de listas de espera para atenci\u00f3n quir\u00fargica en patolog\u00eda de rodilla, donde destacaron el hito del logro del 50% del objetivo propuesto por la iniciativa.<\/p>\n\n\n\n<p>Para esto se destinaron cerca de $ 830.000, a trav\u00e9s del Consejo Regional y del Gobierno de la Regi\u00f3n de Atacama, para poder mejorar la calidad de vida de 240 atacame\u00f1os de todas las provincias, no considerados en el GES (Garant\u00eda Expl\u00edcitas en Salud), &nbsp;que padecen dolencias en sus rodillas, de los cuales 119 ya han sido sometidos a cirug\u00eda exitosamente en el Hospital Regional de Copiap\u00f3.<\/p>\n\n\n\n<p>Se trata de una gesti\u00f3n mancomunada entre el CORE, el Gobierno Regional, junto con el Desaf\u00edo Levantemos Chile y el Servicio de Salud Atacama.<\/p>\n\n\n\n<p>Al respecto el Intendente (s) de Atacama Ignacio Urcull\u00fa expres\u00f3: \u201cLas personas, al operarlos y permitirles volver a la movilidad, no solamente se sanan f\u00edsicamente, sino que tambi\u00e9n mentalmente y a su vez se ven beneficiadas las familias, por eso estamos muy contentos del trabajo que estamos desarrollando\u201d<\/p>\n\n\n\n<p>\u201cRecogimos las impresiones felices de quienes no pod\u00edan caminar ni desarrollar sus actividades con normalidad y ahora lo pueden hacer, pero tambi\u00e9n recibimos algunas cr\u00edticas constructivas, porque sabemos que el sistema tiene que tener algunas mejoras y nos llevamos varias observaciones que vamos a levantar y seguir trabajando con esfuerzo, dedicaci\u00f3n y el sentido de urgencia que amerita este desaf\u00edo, para que las 240 personas beneficiadas y que est\u00e1n en una lista de espera de larga data, podamos llegar a diciembre y decir que no tenemos m\u00e1s pacientes que est\u00e1n esperando cambiar su vida con estas intervenciones\u201d, se\u00f1al\u00f3.<\/p>\n\n\n\n<p>Por su parte, Javier Castillo, Presidente del Consejo Regional de Atacama dijo: \u201cAnte la presentaci\u00f3n del ejecutivo de este proyecto, se abri\u00f3 un debate, la salud es un derecho universal y el Estado se puede hacer cargo, sino es posible a nivel nacional, si no hay recursos desde el nivel central, esto lo podemos resolver a nivel regional, y as\u00ed lo hicimos\u201d<\/p>\n\n\n\n<p>\u201cCreo que desde la jornada de hoy, lo que m\u00e1s debemos sacar provecho es de la gran experiencia que nos entregaron los pacientes, porque en su relato hacen una cr\u00edtica, y tenemos que construir en base de nuestras falencias y como las superamos, todos los que hemos estado presentes hemos sido expl\u00edcitos en decir que hoy existe la voluntad para avanzar en resolver los problemas de salud y que sea en Atacama un derecho y no un privilegio\u201d, a\u00f1adi\u00f3.<\/p>\n\n\n\n<p>Mientras que Manuel R\u00edos, l\u00edder del \u00e1rea de salud del Desaf\u00edo Levantemos Chile indic\u00f3: \u201choy vimos historias de esperanza y felicidad, que nos traen a nosotros mucha satisfacci\u00f3n porque es un modelo que est\u00e1 funcionando,&nbsp; estamos trabajando en regiones y ampliando el n\u00famero de patolog\u00edas, queremos llegar m\u00e1s all\u00e1, principalmente para reducir la inequidad que existe en la salud de este pa\u00eds\u201d.<\/p>\n\n\n\n<p>Tambi\u00e9n se refiri\u00f3 a los esfuerzos que se est\u00e1n realizando sobre otras enfermedades con largas listas de espera:<\/p>\n\n\n\n<p>\u201cTambi\u00e9n estamos operando hernias, esta fue la primera regi\u00f3n donde ampliamos las patolog\u00edas y vamos a operar a 288 pacientes con esa afecci\u00f3n, lo que va a significar una reducci\u00f3n del 100% de la lista de espera de esta patolog\u00eda\u201d, coment\u00f3,<\/p>\n\n\n\n<p>Esteban Ricke, Subdirector M\u00e9dico (s) del Servicio de Salud de Atacama, expuso: \u201cJunto con el Hospital de Copiap\u00f3, estamos muy contentos de este hito alcanzado del 50% de reducci\u00f3n de lista de espera que estaba presupuestado&nbsp; para resolver esta lista quir\u00fargica no GES de artrosis y patolog\u00edas de rodilla, hemos recogido tanto las experiencias positivas, como tambi\u00e9n las dificultades para seguir mejorando en estas estrategias que son locales y buscan aunar diferentes instituciones, para hacernos cargo desde lo local de algunas patolog\u00edas que a nivel central no son priorizadas&nbsp; y consideramos que son importantes para la calidad de vida&nbsp; de las personas en nuestra regi\u00f3n\u201d<\/p>\n\n\n\n<p>Adem\u00e1s se refiri\u00f3 a la causa de la prolongaci\u00f3n en algunos casos de las listas de espera:<\/p>\n\n\n\n<p>\u201cLas listas de espera se generan por m\u00faltiples fen\u00f3menos, uno es la existencia de algunas priorizaciones a trav\u00e9s del GES lo que hace que hayan otras enfermedades que no se priorizan, por eso esta es una estrategia que nos permite asumir y tomar esta responsabilidad de ir avanzando en estas otras patolog\u00edas que no reciben prioridad a nivel central\u201d, concluy\u00f3.<\/p>\n\n\n\n<p>Por otro lado, beneficiadas de este programa, expresaron su felicidad de haber podido ser intervenidas para poner fin a su larga y dolorosa espera.<\/p>\n\n\n\n<p>As\u00ed, Claudia Pan\u00e9s, beneficiaria copiapina de la iniciativa coment\u00f3: \u201cMe operaron el 14 de mayo del 2019,estuve en lista de espera casi tres a\u00f1os, esta operaci\u00f3n me cambi\u00f3 la vida enormemente, tengo un beb\u00e9 de 3 a\u00f1os 8 meses al cual cuando me accident\u00e9 dej\u00e9 de tomar, dej\u00e9 de mudar y ba\u00f1ar porque no pod\u00eda ni siquiera agacharme para poder hacer las cosas, si no fuese por mis hijos mi casa ser\u00eda un caos\u201d<\/p>\n\n\n\n<p>\u201cLa independencia que volv\u00eda retomar despu\u00e9s de la operaci\u00f3n, me ayudo a volver a quererme yo misma, volver a valorarme, el tema psicol\u00f3gico es muy importante tuve el apoyo y contenci\u00f3n de mi familia, pero hay pacientes que no lo tienen\u201d, dijo.<\/p>\n\n\n\n<p>Por \u00faltimo, Candelaria Gonz\u00e1lez, otra beneficiada de Copiap\u00f3, coment\u00f3: \u201cLa operaci\u00f3n me cambi\u00f3 la vida totalmente, toda mi vida he sido modista, trabajaba, pero despu\u00e9s fueron casi 3 a\u00f1os que no caminaba, empez\u00f3 a deteriorarse mi salud mental, porque depend\u00eda de mis hijos, soy viuda, viviendo sola, ten\u00eda que pedir que me fueran a pagar los servicios, comprar la mercader\u00eda, sufr\u00ed mucho y los dolores eran terribles y ten\u00eda que trabajar igual\u201d<\/p>\n\n\n\n<p>\u201cMe oper\u00e9 de una rodilla y qued\u00e9 muy bien pero la otra&nbsp; me dol\u00eda mucho, pero a los dos meses me la operaron, le agradezco a dios y a todos realmente porque tuve la suerte de tener una muy buena atenci\u00f3n, ahora camino sin bast\u00f3n y estoy&nbsp; trabajando , ojal\u00e1 que esto siga porque hay tanta gente que lo necesita\u201d, concluy\u00f3.<\/p>\n","protected":false},"excerpt":{"rendered":"<p>En un desayuno efectuado en dependencias del CORE, autoridades se reunieron con beneficiarios del programa regional de reducci\u00f3n de listas de espera para atenci\u00f3n quir\u00fargica&hellip; <\/p>\n","protected":false},"author":2,"featured_media":21219,"comment_status":"open","ping_status":"closed","sticky":false,"template":"","format":"standard","meta":{"footnotes":""},"categories":[7],"tags":[],"class_list":["post-21218","post","type-post","status-publish","format-standard","has-post-thumbnail","hentry","category-atacama"],"_links":{"self":[{"href":"https:\/\/www.radioamigavallenar.cl\/index.php?rest_route=\/wp\/v2\/posts\/21218","targetHints":{"allow":["GET"]}}],"collection":[{"href":"https:\/\/www.radioamigavallenar.cl\/index.php?rest_route=\/wp\/v2\/posts"}],"about":[{"href":"https:\/\/www.radioamigavallenar.cl\/index.php?rest_route=\/wp\/v2\/types\/post"}],"author":[{"embeddable":true,"href":"https:\/\/www.radioamigavallenar.cl\/index.php?rest_route=\/wp\/v2\/users\/2"}],"replies":[{"embeddable":true,"href":"https:\/\/www.radioamigavallenar.cl\/index.php?rest_route=%2Fwp%2Fv2%2Fcomments&post=21218"}],"version-history":[{"count":0,"href":"https:\/\/www.radioamigavallenar.cl\/index.php?rest_route=\/wp\/v2\/posts\/21218\/revisions"}],"wp:featuredmedia":[{"embeddable":true,"href":"https:\/\/www.radioamigavallenar.cl\/index.php?rest_route=\/wp\/v2\/media\/21219"}],"wp:attachment":[{"href":"https:\/\/www.radioamigavallenar.cl\/index.php?rest_route=%2Fwp%2Fv2%2Fmedia&parent=21218"}],"wp:term":[{"taxonomy":"category","embeddable":true,"href":"https:\/\/www.radioamigavallenar.cl\/index.php?rest_route=%2Fwp%2Fv2%2Fcategories&post=21218"},{"taxonomy":"post_tag","embeddable":true,"href":"https:\/\/www.radioamigavallenar.cl\/index.php?rest_route=%2Fwp%2Fv2%2Ftags&post=21218"}],"curies":[{"name":"wp","href":"https:\/\/api.w.org\/{rel}","templated":true}]}}