{"id":21215,"date":"2020-02-22T10:04:29","date_gmt":"2020-02-22T13:04:29","guid":{"rendered":"https:\/\/www.radioamigavallenar.cl\/?p=21215"},"modified":"2020-02-22T10:04:30","modified_gmt":"2020-02-22T13:04:30","slug":"solo-en-febrero-invierten-775-millones-para-aportes-familiares-permanentes-en-atacama","status":"publish","type":"post","link":"https:\/\/www.radioamigavallenar.cl\/?p=21215","title":{"rendered":"Solo en febrero invierten $775 millones para Aportes Familiares Permanentes en Atacama"},"content":{"rendered":"\n<figure class=\"wp-block-image size-large is-resized\"><img loading=\"lazy\" decoding=\"async\" src=\"https:\/\/www.radioamigavallenar.cl\/wp-content\/uploads\/2020\/02\/P\u00c1G-2-CR\u00d3NICA-IPS-FOTO-1-800x445-1.jpg\" alt=\"\" class=\"wp-image-21216\" width=\"600\" height=\"333\" srcset=\"https:\/\/www.radioamigavallenar.cl\/wp-content\/uploads\/2020\/02\/P\u00c1G-2-CR\u00d3NICA-IPS-FOTO-1-800x445-1.jpg 800w, https:\/\/www.radioamigavallenar.cl\/wp-content\/uploads\/2020\/02\/P\u00c1G-2-CR\u00d3NICA-IPS-FOTO-1-800x445-1-300x167.jpg 300w, https:\/\/www.radioamigavallenar.cl\/wp-content\/uploads\/2020\/02\/P\u00c1G-2-CR\u00d3NICA-IPS-FOTO-1-800x445-1-768x427.jpg 768w\" sizes=\"auto, (max-width: 600px) 100vw, 600px\" \/><\/figure>\n\n\n\n<p>Por segundo a\u00f1o consecutivo a Estrella Ortiz le correspondi\u00f3 recibir el Aporte Familiar Permanente que entrega el Ministerio del Trabajo y Previsi\u00f3n Social a partir del 2014. Esta vez recibi\u00f3 143.295 pesos que suman el aporte individual por cada uno de los hijos que tiene. En realidad, por carga, recibi\u00f3 un total de $ 47.765.<\/p>\n\n\n\n<p>Esta entrega se hizo ayer viernes, justo cuando los Secretarios Regionales Ministeriales (Seremis) de Trabajo y Desarrollo Social V\u00edctor Nieto y Luis Morales, respectivamente, anunciaron que desde el 15 de este mes se comenz\u00f3 el pago del beneficio seg\u00fan el grupo al que represente.<\/p>\n\n\n\n<p>Por ejemplo, ella pertenece a aquellas personas que la segunda mitad de cada mes cobran beneficios por Subsidio Familiar, Chile Solidario o por el Subsistema de Seguridades y Oportunidades (Ingreso \u00c9tico Familiar), a trav\u00e9s del Instituto de Previsi\u00f3n Social (IPS).<\/p>\n\n\n\n<p>Estas familias ascienden a seis mil, para un total de 16 mil aportes ya que muchas cobran m\u00e1s de un bono, seg\u00fan las cargas familiares que tengan, de acuerdo con lo que inform\u00f3 el seremi subrogante del Trabajo y Previsi\u00f3n Social, V\u00edctor Nieto.<\/p>\n\n\n\n<p>Ellos son parte de la primera n\u00f3mina y recibir\u00e1n el pago de forma autom\u00e1tica en su cuenta RUT entre el 15 y 28 de febrero. En total se estima que solo en el primer mes se inviertan \u201c775 millones de pesos para Atacama\u201d.<\/p>\n\n\n\n<p>Despu\u00e9s se le asignar\u00e1 a la segunda n\u00f3mina, que est\u00e1 integrada por personas que cobren los beneficios otorgados por el IPS durante la primera mitad de cada mes, as\u00ed como a los pensionados que reciben asignaci\u00f3n por sus cargas familiares. Esta remuneraci\u00f3n ser\u00e1 entre el 2 y el 14 de marzo.<\/p>\n\n\n\n<p>Finalmente, los trabajadores y pensionadas de entidades distintas al IPS que cobran Asignaci\u00f3n Familiar o Maternal por sus cargas familiares podr\u00e1n cobrar a partir del 16 de marzo, pero ellos tendr\u00e1n que consultar su d\u00eda y lugar de pago en&nbsp;<a href=\"http:\/\/www.aportefamiliar.cl\/\">www.aportefamiliar.cl<\/a>, ingresando su RUN y fecha de nacimiento.<\/p>\n\n\n\n<p>El director subrogante del IPS Atacama, Roberto D\u00edaz Lastarria explic\u00f3 cu\u00e1les son los requisitos para recibir el beneficio, entre los que figura que se pagar\u00e1 solo por las cargas familiares que hayan sido reconocida al 31 de diciembre de 2019, siempre que sean beneficiarios del Subsidio Familiar, cuenten con Asignaci\u00f3n Familiar o Maternal, pertenezcan al programa Chile Solidario o que reciban el Ingreso \u00c9tico Familiar.<\/p>\n\n\n\n<p>\u201cEl pago se hace de manera autom\u00e1tica, la persona beneficiada no debe hacer ning\u00fan tr\u00e1mite adicional, el dinero va incluida en su liquidaci\u00f3n de pago habitual\u201d, aclar\u00f3 al tiempo que dijo que tendr\u00e1n un plazo de nueve meses para cobrar su aporte, desde la fecha de emisi\u00f3n del documento de pago.<\/p>\n\n\n\n<p>En tanto, el seremi de Desarrollo Social mencion\u00f3 que este bono busca que los padres tengan un mes de marzo m\u00e1s aliviado y puedan disponer de estos recursos para comprar los \u00fatiles escolares de sus hijos a prop\u00f3sito del inicio a clases.<\/p>\n\n\n\n<p>\u201cDesde el Gobierno trabajamos para poder construir una red de infraestructura social que permita dar soporte a cada una de las familias de la regi\u00f3n de Atacama; partimos en diciembre con las mejoras las Pensiones B\u00e1sicas Solidarias, la entrega del bono por carga y ahora el adelanto el pago del Aporte Familiar Permanente\u201d, concluy\u00f3.<\/p>\n","protected":false},"excerpt":{"rendered":"<p>Por segundo a\u00f1o consecutivo a Estrella Ortiz le correspondi\u00f3 recibir el Aporte Familiar Permanente que entrega el Ministerio del Trabajo y Previsi\u00f3n Social a partir&hellip; <\/p>\n","protected":false},"author":2,"featured_media":21216,"comment_status":"open","ping_status":"closed","sticky":false,"template":"","format":"standard","meta":{"footnotes":""},"categories":[7],"tags":[],"class_list":["post-21215","post","type-post","status-publish","format-standard","has-post-thumbnail","hentry","category-atacama"],"_links":{"self":[{"href":"https:\/\/www.radioamigavallenar.cl\/index.php?rest_route=\/wp\/v2\/posts\/21215","targetHints":{"allow":["GET"]}}],"collection":[{"href":"https:\/\/www.radioamigavallenar.cl\/index.php?rest_route=\/wp\/v2\/posts"}],"about":[{"href":"https:\/\/www.radioamigavallenar.cl\/index.php?rest_route=\/wp\/v2\/types\/post"}],"author":[{"embeddable":true,"href":"https:\/\/www.radioamigavallenar.cl\/index.php?rest_route=\/wp\/v2\/users\/2"}],"replies":[{"embeddable":true,"href":"https:\/\/www.radioamigavallenar.cl\/index.php?rest_route=%2Fwp%2Fv2%2Fcomments&post=21215"}],"version-history":[{"count":0,"href":"https:\/\/www.radioamigavallenar.cl\/index.php?rest_route=\/wp\/v2\/posts\/21215\/revisions"}],"wp:featuredmedia":[{"embeddable":true,"href":"https:\/\/www.radioamigavallenar.cl\/index.php?rest_route=\/wp\/v2\/media\/21216"}],"wp:attachment":[{"href":"https:\/\/www.radioamigavallenar.cl\/index.php?rest_route=%2Fwp%2Fv2%2Fmedia&parent=21215"}],"wp:term":[{"taxonomy":"category","embeddable":true,"href":"https:\/\/www.radioamigavallenar.cl\/index.php?rest_route=%2Fwp%2Fv2%2Fcategories&post=21215"},{"taxonomy":"post_tag","embeddable":true,"href":"https:\/\/www.radioamigavallenar.cl\/index.php?rest_route=%2Fwp%2Fv2%2Ftags&post=21215"}],"curies":[{"name":"wp","href":"https:\/\/api.w.org\/{rel}","templated":true}]}}