{"id":21212,"date":"2020-02-22T09:47:11","date_gmt":"2020-02-22T12:47:11","guid":{"rendered":"https:\/\/www.radioamigavallenar.cl\/?p=21212"},"modified":"2020-02-22T09:47:12","modified_gmt":"2020-02-22T12:47:12","slug":"se-iniciaron-las-coordinaciones-para-el-inicio-del-ano-escolar-2020","status":"publish","type":"post","link":"https:\/\/www.radioamigavallenar.cl\/?p=21212","title":{"rendered":"Se iniciaron las coordinaciones para el inicio del a\u00f1o escolar 2020"},"content":{"rendered":"\n<div class=\"wp-block-image\"><figure class=\"aligncenter size-large is-resized\"><img loading=\"lazy\" decoding=\"async\" src=\"https:\/\/www.radioamigavallenar.cl\/wp-content\/uploads\/2020\/02\/IMG1-scaled-1.jpg\" alt=\"\" class=\"wp-image-21213\" width=\"526\" height=\"330\" srcset=\"https:\/\/www.radioamigavallenar.cl\/wp-content\/uploads\/2020\/02\/IMG1-scaled-1.jpg 900w, https:\/\/www.radioamigavallenar.cl\/wp-content\/uploads\/2020\/02\/IMG1-scaled-1-300x188.jpg 300w, https:\/\/www.radioamigavallenar.cl\/wp-content\/uploads\/2020\/02\/IMG1-scaled-1-768x482.jpg 768w\" sizes=\"auto, (max-width: 526px) 100vw, 526px\" \/><\/figure><\/div>\n\n\n\n<p>A dos semanas del inicio del a\u00f1o escolar, autoridades, organismos de Gobierno,&nbsp; Carabineros y la Polic\u00eda de Investigaciones, coordinan acciones por garantizar la seguridad escolar.<\/p>\n\n\n\n<p>Se acerca el inicio del a\u00f1o escolar, por ello se llev\u00f3 a cabo una mesa t\u00e9cnica para las coordinaciones en esta \u00e1rea, la que fue liderada por la Gobernadora Paulina Bassaure Aguirre, la Seremitt Regi\u00f3n de Atacama, la Ilustre Municipalidad de Copiap\u00f3, PDI y Carabineros de Chile, que permitir\u00e1 contar con las condiciones y resguardo de los estudiantes y la comunidad educativa.<\/p>\n\n\n\n<p>La Gobernadora de la Provincia de Copiap\u00f3, Paulina Bassaure, destac\u00f3 que \u201cla preocupaci\u00f3n del gobierno es que en este inicio de a\u00f1o 2020, la comunidad educativa en general cuente con las condiciones \u00f3ptimas, tanto de seguridad, vial y otras. Es por ello, que en esta reuni\u00f3n de coordinaci\u00f3n participaron diversos servicios p\u00fablicos relacionados a estas \u00e1reas, para garantizar el buen funcionamiento de la ciudad en general. Y para ayudar a estas medidas, hacemos un llamado a padres, apoderados y alumnos a programar sus viajes y rutas, tomar todas las medidas de seguridad necesarias y contratar servicios de traslados de alumnos registrados\u201d.<\/p>\n\n\n\n<p>En esta l\u00ednea, el Seremi de Transportes y Telecomunicaciones, Vittorio Ghiglino se\u00f1al\u00f3 que \u201cla pr\u00f3xima semana nos reunimos en la Gobernaci\u00f3n con el Municipio y Carabineros para dise\u00f1ar un plan de fiscalizaci\u00f3n y despeje de v\u00edas, para que los ciudadanos puedan tener una disminuci\u00f3n en sus tiempos de traslado y de esta forma mejorar la calidad de vida de los habitantes de la regi\u00f3n.<\/p>\n\n\n\n<p>Por su parte, La Directora de Educaci\u00f3n Municipal de Copiap\u00f3, agreg\u00f3 que \u201cel inicio del a\u00f1o escolar de acuerdo al calendario regional, partimos el dos de marzo, con la incorporaci\u00f3n de docentes y asistentes de la educaci\u00f3n, para poder iniciar las clases el d\u00eda jueves cinco de marzo. Por ello estos preparativos est\u00e1n enfocados a temas m\u00e1s operativos y log\u00edsticos de las escuelas, donde estamos trabajando con planes de fumigaci\u00f3n, desratizaci\u00f3n y una seria de cosas que permitan entregar las condiciones f\u00edsicas de funcionamiento y adem\u00e1s de las acciones con Junaeb para proporcionar en la continuidad del servicios de alimentaci\u00f3n\u201d.<\/p>\n\n\n\n<p>Parta finalizar, el Capit\u00e1n de Carabineros Jorcy Rojas, concluy\u00f3 que \u201cla preparaci\u00f3n para este inicio de a\u00f1o escolar se mantiene similar a a\u00f1os anteriores, verificando tanto al arteria como las v\u00edas que se mantienen con principal tr\u00e1fico, tomando en consideraci\u00f3n que el retorno evidentemente mantiene una aglomeraci\u00f3n mucho m\u00e1s grande lo que es el conflicto vial. Por ello, en los puntos m\u00e1s \u00e1lgidos van a haber puntos de fiscalizaci\u00f3n y Carabineros realizando facciones de tr\u00e1nsito, con la finalidad de habilitar de mejor manera estos sectores junto a las coordinaciones con los servicios de transportes escolares y lo establecimientos en las horas peak de ingreso y egreso de los estudiantes\u201d.<\/p>\n","protected":false},"excerpt":{"rendered":"<p>A dos semanas del inicio del a\u00f1o escolar, autoridades, organismos de Gobierno,&nbsp; Carabineros y la Polic\u00eda de Investigaciones, coordinan acciones por garantizar la seguridad escolar.&hellip; <\/p>\n","protected":false},"author":2,"featured_media":21213,"comment_status":"open","ping_status":"closed","sticky":false,"template":"","format":"standard","meta":{"footnotes":""},"categories":[7],"tags":[],"class_list":["post-21212","post","type-post","status-publish","format-standard","has-post-thumbnail","hentry","category-atacama"],"_links":{"self":[{"href":"https:\/\/www.radioamigavallenar.cl\/index.php?rest_route=\/wp\/v2\/posts\/21212","targetHints":{"allow":["GET"]}}],"collection":[{"href":"https:\/\/www.radioamigavallenar.cl\/index.php?rest_route=\/wp\/v2\/posts"}],"about":[{"href":"https:\/\/www.radioamigavallenar.cl\/index.php?rest_route=\/wp\/v2\/types\/post"}],"author":[{"embeddable":true,"href":"https:\/\/www.radioamigavallenar.cl\/index.php?rest_route=\/wp\/v2\/users\/2"}],"replies":[{"embeddable":true,"href":"https:\/\/www.radioamigavallenar.cl\/index.php?rest_route=%2Fwp%2Fv2%2Fcomments&post=21212"}],"version-history":[{"count":0,"href":"https:\/\/www.radioamigavallenar.cl\/index.php?rest_route=\/wp\/v2\/posts\/21212\/revisions"}],"wp:featuredmedia":[{"embeddable":true,"href":"https:\/\/www.radioamigavallenar.cl\/index.php?rest_route=\/wp\/v2\/media\/21213"}],"wp:attachment":[{"href":"https:\/\/www.radioamigavallenar.cl\/index.php?rest_route=%2Fwp%2Fv2%2Fmedia&parent=21212"}],"wp:term":[{"taxonomy":"category","embeddable":true,"href":"https:\/\/www.radioamigavallenar.cl\/index.php?rest_route=%2Fwp%2Fv2%2Fcategories&post=21212"},{"taxonomy":"post_tag","embeddable":true,"href":"https:\/\/www.radioamigavallenar.cl\/index.php?rest_route=%2Fwp%2Fv2%2Ftags&post=21212"}],"curies":[{"name":"wp","href":"https:\/\/api.w.org\/{rel}","templated":true}]}}