{"id":21189,"date":"2020-02-21T11:08:58","date_gmt":"2020-02-21T14:08:58","guid":{"rendered":"https:\/\/www.radioamigavallenar.cl\/?p=21189"},"modified":"2020-02-21T11:08:59","modified_gmt":"2020-02-21T14:08:59","slug":"gobierno-entrega-bono-enseres-a-familias-de-el-transito-y-avanza-en-la-construccion-de-viviendas-de-emergencia","status":"publish","type":"post","link":"https:\/\/www.radioamigavallenar.cl\/?p=21189","title":{"rendered":"Gobierno entrega Bono Enseres a familias de El Tr\u00e1nsito y avanza en la construcci\u00f3n de viviendas de emergencia"},"content":{"rendered":"\n<div class=\"wp-block-image\"><figure class=\"aligncenter size-large\"><img loading=\"lazy\" decoding=\"async\" width=\"1024\" height=\"683\" src=\"https:\/\/www.radioamigavallenar.cl\/wp-content\/uploads\/2020\/02\/Entrega-bono-enseres-1024x683.jpg\" alt=\"\" class=\"wp-image-21190\" srcset=\"https:\/\/www.radioamigavallenar.cl\/wp-content\/uploads\/2020\/02\/Entrega-bono-enseres-1024x683.jpg 1024w, https:\/\/www.radioamigavallenar.cl\/wp-content\/uploads\/2020\/02\/Entrega-bono-enseres-300x200.jpg 300w, https:\/\/www.radioamigavallenar.cl\/wp-content\/uploads\/2020\/02\/Entrega-bono-enseres-768x512.jpg 768w, https:\/\/www.radioamigavallenar.cl\/wp-content\/uploads\/2020\/02\/Entrega-bono-enseres-1536x1024.jpg 1536w, https:\/\/www.radioamigavallenar.cl\/wp-content\/uploads\/2020\/02\/Entrega-bono-enseres-2048x1365.jpg 2048w\" sizes=\"auto, (max-width: 1024px) 100vw, 1024px\" \/><\/figure><\/div>\n\n\n\n<p>Este jueves, el Intendente (s) de\nAtacama, Ignacio Urcull\u00fa, junto a la Gobernadora del Huasco, Nelly Galeb,\nrepresentantes de la Municipalidad, y la Onemi, se trasladaron hasta El\nTr\u00e1nsito para reunirse con vecinos, escuchar sus necesidades y contarles sobre\nlos nuevos beneficios que ha dispuesto el Presidente Sebasti\u00e1n Pi\u00f1era para\nayudarlos en la recuperaci\u00f3n de las condiciones de habitabilidad tras el\naluvi\u00f3n del d\u00eda 27 de enero de 2020.<\/p>\n\n\n\n<p>Tras recorrer la localidad y\ncompartir con vecinos, el Intendente (s) Urcull\u00fa, dijo que \u201ccomo Gobierno estamos\ncontentos porque estamos avanzando con mucha celeridad. A menos de un mes del\naluvi\u00f3n, tenemos habilitadas las calles, los sectores habitacionales, y tambi\u00e9n\nestamos levantando las viviendas de emergencia que hemos destinado para las\npersonas que tuvieron p\u00e9rdida de sus casas. Adem\u00e1s, estamos haciendo entrega\ndel Bono Enseres para quienes perdieron algunas cosas en sus casas, y en ese\nsentido nuestro Gobierno est\u00e1 comprometido con ayudarlos a recuperar la\nnormalidad de sus vidas. Durante la pr\u00f3xima semana vamos a traer a los\nservicios que nos han pedido, para poder hacer una reactivaci\u00f3n de la econom\u00eda\nlocal, y esperamos que esto les d\u00e9 m\u00e1s tranquilidad y que les permita pronto\nmejorar su calidad de vida\u201d.<\/p>\n\n\n\n<p>La ayuda del bono se ha dividido en\ndos: un bono de enseres total, de $1.200.000, entregado a todas aquellas\nfamilias que en su ficha FIBE hayan sido catastrados en las categor\u00edas de\nvivienda destruida y vivienda muy afectada, de percepci\u00f3n del da\u00f1o en vivienda\nde la ficha FIBE. Este beneficio se entreg\u00f3 a 43 familias (total de\n$51.600.000) a trav\u00e9s de su dep\u00f3sito en las cuentas Rut o pago cash en cualquier\nsucursal del Banco Estado.<\/p>\n\n\n\n<p>O un bono de enseres parcial, de $600.000,\nentregado a todas aquellas familias que en su ficha FIBE hayan sido catastrados\nen las categor\u00edas de vivienda medianamente afectada y vivienda poco afectada,\nde percepci\u00f3n del da\u00f1o en vivienda de la ficha FIBE. Este beneficio se entreg\u00f3\na 65 familias (total de $39.000.000).<\/p>\n\n\n\n<p>Adem\u00e1s del levantamiento de 14\nviviendas de emergencia, para familias que perdieron sus casas, y que a trav\u00e9s\nde ONEMI se gestionaron en tiempo record, instal\u00e1ndose a partir del d\u00eda lunes\n17 de febrero y que estar\u00e1n terminadas al finalizar esta semana.<\/p>\n\n\n\n<p>Julia Araya, habitante de la\nlocalidad de El Tr\u00e1nsito, dijo que \u201ccon todo lo que me pas\u00f3, de la p\u00e9rdida de\nmi casa, de mis animales, de mis \u00e1rboles frutales, estoy muy agradecida porque\nsoy la primera persona a la que le lleg\u00f3 a su casita, ya est\u00e1 instalada en el\nlugar en el que yo quer\u00eda y quiero agradecer a todas las autoridades que\nestuvieron con nosotros apoy\u00e1ndonos y d\u00e1ndonos cada d\u00eda lo que necesit\u00e1bamos.\nPed\u00edamos agua, llegaba el agua, y as\u00ed con todo lo que ped\u00edamos, estoy feliz\u201d.<\/p>\n\n\n\n<p>Delf\u00edn Morales, dijo que \u201cla ayuda ha\nsido perfecta, nos han ayudado mucho desde el primer d\u00eda. Tengo un hermano que\nsalvaron de la cat\u00e1strofe de milagro\u201d y sobre el Bono Enseres dijo que \u201cel\nbanco nos inform\u00f3 hace poco que est\u00e1n los dineros para retirar y por eso\nestamos muy contentos\u201d.<\/p>\n\n\n\n<p>Mateo Araya, tambi\u00e9n habitante de la\ncomunidad, dijo que \u201csoy nacido y criado aqu\u00ed en esta tierra, estoy muy\nagradecido de las autoridades, tanto de los militares como a Carabineros que me\nhan ayudado con nuestra casa, porque yo perd\u00ed todo, y he tenido mucha ayuda\ngracias a Dios, ya tenemos casi la casa limpia. Banco Estado me inform\u00f3 que me\nlleg\u00f3 el Bono de Enseres para comprar las cosas que se perdieron\u201d. <\/p>\n","protected":false},"excerpt":{"rendered":"<p>Este jueves, el Intendente (s) de Atacama, Ignacio Urcull\u00fa, junto a la Gobernadora del Huasco, Nelly Galeb, representantes de la Municipalidad, y la Onemi, se&hellip; <\/p>\n","protected":false},"author":2,"featured_media":21190,"comment_status":"open","ping_status":"closed","sticky":false,"template":"","format":"standard","meta":{"footnotes":""},"categories":[5,1],"tags":[],"class_list":["post-21189","post","type-post","status-publish","format-standard","has-post-thumbnail","hentry","category-alto-del-carmen","category-provincia-del-huasco-2"],"_links":{"self":[{"href":"https:\/\/www.radioamigavallenar.cl\/index.php?rest_route=\/wp\/v2\/posts\/21189","targetHints":{"allow":["GET"]}}],"collection":[{"href":"https:\/\/www.radioamigavallenar.cl\/index.php?rest_route=\/wp\/v2\/posts"}],"about":[{"href":"https:\/\/www.radioamigavallenar.cl\/index.php?rest_route=\/wp\/v2\/types\/post"}],"author":[{"embeddable":true,"href":"https:\/\/www.radioamigavallenar.cl\/index.php?rest_route=\/wp\/v2\/users\/2"}],"replies":[{"embeddable":true,"href":"https:\/\/www.radioamigavallenar.cl\/index.php?rest_route=%2Fwp%2Fv2%2Fcomments&post=21189"}],"version-history":[{"count":0,"href":"https:\/\/www.radioamigavallenar.cl\/index.php?rest_route=\/wp\/v2\/posts\/21189\/revisions"}],"wp:featuredmedia":[{"embeddable":true,"href":"https:\/\/www.radioamigavallenar.cl\/index.php?rest_route=\/wp\/v2\/media\/21190"}],"wp:attachment":[{"href":"https:\/\/www.radioamigavallenar.cl\/index.php?rest_route=%2Fwp%2Fv2%2Fmedia&parent=21189"}],"wp:term":[{"taxonomy":"category","embeddable":true,"href":"https:\/\/www.radioamigavallenar.cl\/index.php?rest_route=%2Fwp%2Fv2%2Fcategories&post=21189"},{"taxonomy":"post_tag","embeddable":true,"href":"https:\/\/www.radioamigavallenar.cl\/index.php?rest_route=%2Fwp%2Fv2%2Ftags&post=21189"}],"curies":[{"name":"wp","href":"https:\/\/api.w.org\/{rel}","templated":true}]}}