{"id":21186,"date":"2020-02-21T09:48:35","date_gmt":"2020-02-21T12:48:35","guid":{"rendered":"https:\/\/www.radioamigavallenar.cl\/?p=21186"},"modified":"2020-02-21T09:48:36","modified_gmt":"2020-02-21T12:48:36","slug":"nuevaunion-considera-invertir-us152-millones-en-prospeccion-del-yacimiento-la-fortuna","status":"publish","type":"post","link":"https:\/\/www.radioamigavallenar.cl\/?p=21186","title":{"rendered":"NuevaUni\u00f3n considera invertir US$152 millones en prospecci\u00f3n del yacimiento La Fortuna"},"content":{"rendered":"\n<div class=\"wp-block-image\"><figure class=\"aligncenter size-large is-resized\"><img loading=\"lazy\" decoding=\"async\" src=\"https:\/\/www.radioamigavallenar.cl\/wp-content\/uploads\/2020\/02\/unnamed.png\" alt=\"\" class=\"wp-image-21187\" width=\"383\" height=\"383\" srcset=\"https:\/\/www.radioamigavallenar.cl\/wp-content\/uploads\/2020\/02\/unnamed.png 400w, https:\/\/www.radioamigavallenar.cl\/wp-content\/uploads\/2020\/02\/unnamed-300x300.png 300w, https:\/\/www.radioamigavallenar.cl\/wp-content\/uploads\/2020\/02\/unnamed-150x150.png 150w\" sizes=\"auto, (max-width: 383px) 100vw, 383px\" \/><\/figure><\/div>\n\n\n\n<p><strong>NuevaUni\u00f3n<\/strong>&nbsp;ingres\u00f3 a evaluaci\u00f3n ambiental el<strong>&nbsp;proyecto \u201cSondajes Mineros La Fortuna\u201d<\/strong>, el que tiene como objetivo ejecutar un m\u00e1ximo de&nbsp;<strong>176 sondajes<\/strong>&nbsp;en dos campa\u00f1as de prospecci\u00f3n minera, con la finalidad de estudiar el recurso mineral presente en el&nbsp;<strong>yacimiento La Fortuna<\/strong>.<\/p>\n\n\n\n<p>En el expediente de la iniciativa, que considera una inversi\u00f3n de&nbsp;<strong>US$152 millones<\/strong>, se declara que los resultados de estas campa\u00f1as de prospecci\u00f3n permitir\u00e1n&nbsp;<strong>minimizar las incertidumbres geol\u00f3gicas del cuerpo mineralizado<\/strong>&nbsp;que se ha detectado en capas profundas del yacimiento minero.<\/p>\n\n\n\n<p>Cabe indicar que la primera campa\u00f1a tendr\u00e1 una duraci\u00f3n estimada de 15 meses (con 11 meses de perforaci\u00f3n) y en ella se ejecutar\u00e1n un m\u00e1ximo de&nbsp;<strong>27 sondajes del tipo diamantina<\/strong>, obteniendo informaci\u00f3n geol\u00f3gica \u00fatil para la&nbsp;<strong>caracterizaci\u00f3n del yacimiento en niveles profundos<\/strong>.<\/p>\n\n\n\n<p>Mientras que la segunda campa\u00f1a, con una duraci\u00f3n estimada de 49 meses (con 28 meses de perforaci\u00f3n), involucra la ejecuci\u00f3n de un m\u00e1ximo de&nbsp;<strong>149 sondajes mineros del tipo diamantina<\/strong>, los que adem\u00e1s de entregar informaci\u00f3n que ayudar\u00e1 a reducir las incertidumbres geol\u00f3gicas del cuerpo mineralizado, permitir\u00e1n<strong>&nbsp;sentar las bases para el desarrollo de un futuro plan minero abocado a los niveles profundos del yacimiento<\/strong>.<\/p>\n\n\n\n<p>Adicionalmente, durante cada una de estas campa\u00f1as, se ejecutar\u00e1n&nbsp;<strong>pruebas de permeabilidad<\/strong>&nbsp;(lugeon y falling head), las que ser\u00e1n utilizadas en la&nbsp;<strong>caracterizaci\u00f3n geot\u00e9cnica e hidrogeol\u00f3gica del yacimiento<\/strong>.<\/p>\n","protected":false},"excerpt":{"rendered":"<p>NuevaUni\u00f3n&nbsp;ingres\u00f3 a evaluaci\u00f3n ambiental el&nbsp;proyecto \u201cSondajes Mineros La Fortuna\u201d, el que tiene como objetivo ejecutar un m\u00e1ximo de&nbsp;176 sondajes&nbsp;en dos campa\u00f1as de prospecci\u00f3n minera, con&hellip; <\/p>\n","protected":false},"author":2,"featured_media":21187,"comment_status":"open","ping_status":"closed","sticky":false,"template":"","format":"standard","meta":{"footnotes":""},"categories":[7,34],"tags":[],"class_list":["post-21186","post","type-post","status-publish","format-standard","has-post-thumbnail","hentry","category-atacama","category-mineria"],"_links":{"self":[{"href":"https:\/\/www.radioamigavallenar.cl\/index.php?rest_route=\/wp\/v2\/posts\/21186","targetHints":{"allow":["GET"]}}],"collection":[{"href":"https:\/\/www.radioamigavallenar.cl\/index.php?rest_route=\/wp\/v2\/posts"}],"about":[{"href":"https:\/\/www.radioamigavallenar.cl\/index.php?rest_route=\/wp\/v2\/types\/post"}],"author":[{"embeddable":true,"href":"https:\/\/www.radioamigavallenar.cl\/index.php?rest_route=\/wp\/v2\/users\/2"}],"replies":[{"embeddable":true,"href":"https:\/\/www.radioamigavallenar.cl\/index.php?rest_route=%2Fwp%2Fv2%2Fcomments&post=21186"}],"version-history":[{"count":0,"href":"https:\/\/www.radioamigavallenar.cl\/index.php?rest_route=\/wp\/v2\/posts\/21186\/revisions"}],"wp:featuredmedia":[{"embeddable":true,"href":"https:\/\/www.radioamigavallenar.cl\/index.php?rest_route=\/wp\/v2\/media\/21187"}],"wp:attachment":[{"href":"https:\/\/www.radioamigavallenar.cl\/index.php?rest_route=%2Fwp%2Fv2%2Fmedia&parent=21186"}],"wp:term":[{"taxonomy":"category","embeddable":true,"href":"https:\/\/www.radioamigavallenar.cl\/index.php?rest_route=%2Fwp%2Fv2%2Fcategories&post=21186"},{"taxonomy":"post_tag","embeddable":true,"href":"https:\/\/www.radioamigavallenar.cl\/index.php?rest_route=%2Fwp%2Fv2%2Ftags&post=21186"}],"curies":[{"name":"wp","href":"https:\/\/api.w.org\/{rel}","templated":true}]}}