{"id":21127,"date":"2020-02-19T12:57:43","date_gmt":"2020-02-19T15:57:43","guid":{"rendered":"https:\/\/www.radioamigavallenar.cl\/?p=21127"},"modified":"2020-02-19T12:57:44","modified_gmt":"2020-02-19T15:57:44","slug":"coronavirus-que-tipo-de-mascarilla-reduce-el-riesgo-de-contagio","status":"publish","type":"post","link":"https:\/\/www.radioamigavallenar.cl\/?p=21127","title":{"rendered":"Coronavirus: \u00bfqu\u00e9 tipo de mascarilla reduce el riesgo de contagio?"},"content":{"rendered":"\n<div class=\"wp-block-image\"><figure class=\"aligncenter size-large is-resized\"><img loading=\"lazy\" decoding=\"async\" src=\"https:\/\/www.radioamigavallenar.cl\/wp-content\/uploads\/2020\/02\/una-mujer-con-mascarilla-para-evitar-un-posible-contagio_20348489_20200129112124.jpg\" alt=\"\" class=\"wp-image-21128\" width=\"519\" height=\"307\" srcset=\"https:\/\/www.radioamigavallenar.cl\/wp-content\/uploads\/2020\/02\/una-mujer-con-mascarilla-para-evitar-un-posible-contagio_20348489_20200129112124.jpg 675w, https:\/\/www.radioamigavallenar.cl\/wp-content\/uploads\/2020\/02\/una-mujer-con-mascarilla-para-evitar-un-posible-contagio_20348489_20200129112124-300x178.jpg 300w\" sizes=\"auto, (max-width: 519px) 100vw, 519px\" \/><\/figure><\/div>\n\n\n\n<p>&nbsp;\u00faltimo reporte de la OMS revela que 1.380 personas han muerto a causa de la cepa \u201cCovid-19\u201d del Coronavirus, mientras que los contagiados llegar\u00edan a 63.500 en todo el mundo. A ra\u00edz de estas cifras que van en aumento, el organismo sanitario hizo un llamado a disminuir el riesgo de contagio usando mascarillas, sobre todo en la poblaci\u00f3n que est\u00e1 m\u00e1s expuesta.&nbsp;<\/p>\n\n\n\n<p>Si bien en Chile hay distintos tipos de mascarillas, el Jefe del Servicio de Urgencia de Cl\u00ednica RedSalud Santiago, Paulo Granata, advierte que no todas ofrecen el mismo nivel de protecci\u00f3n y por lo mismo, recomienda identificarlas bien antes de adquirirlas.<\/p>\n\n\n\n<p>\u201cLa sugerencia de la OMS es utilizar las de tipo auto filtrantes y que al menos sean del tipo N95, es decir, que puedan filtrar hasta el 95% de las part\u00edculas de 0,3 micras de di\u00e1metro, algo muy \u00fatil para detener el ingreso del coronavirus al organismo humano\u201d, record\u00f3.<\/p>\n\n\n\n<p>El especialista agrega que la idea de tener ese nivel de filtro tiene una explicaci\u00f3n m\u00e9dica. \u201cEl Covid-19 se contagia de persona a persona mediante secreciones. Los estornudos son la forma m\u00e1s frecuente de contagio, pues emiten muchos fluidos y micropart\u00edculas que salen disparadas en distintas direcciones. Por eso es importante evitar que esas part\u00edculas ingresen al organismo\u201d, asegura Granata.<\/p>\n\n\n\n<p>Cabe mencionar que este tipo de mascarillas son fabricadas por diversas empresas y en nuestro pa\u00eds se pueden encontrar en puntos de venta como farmacias y recintos de insumos m\u00e9dicos, por lo que se pueden encontrar unidades en distintos tama\u00f1os, aunque las denominaci\u00f3n m\u00e1s com\u00fan es mediana, mediana\/grande y grande.<\/p>\n\n\n\n<p>\u00bfC\u00f3mo elegir el tama\u00f1o adecuado? El doctor Granata explica que \u201clo ideal es buscar una que quede bien pegada al rostro, sin dejar espacios que permitan el ingreso de part\u00edculas\u201d.<\/p>\n","protected":false},"excerpt":{"rendered":"<p>&nbsp;\u00faltimo reporte de la OMS revela que 1.380 personas han muerto a causa de la cepa \u201cCovid-19\u201d del Coronavirus, mientras que los contagiados llegar\u00edan a&hellip; <\/p>\n","protected":false},"author":2,"featured_media":21128,"comment_status":"open","ping_status":"closed","sticky":false,"template":"","format":"standard","meta":{"footnotes":""},"categories":[37],"tags":[],"class_list":["post-21127","post","type-post","status-publish","format-standard","has-post-thumbnail","hentry","category-nacional"],"_links":{"self":[{"href":"https:\/\/www.radioamigavallenar.cl\/index.php?rest_route=\/wp\/v2\/posts\/21127","targetHints":{"allow":["GET"]}}],"collection":[{"href":"https:\/\/www.radioamigavallenar.cl\/index.php?rest_route=\/wp\/v2\/posts"}],"about":[{"href":"https:\/\/www.radioamigavallenar.cl\/index.php?rest_route=\/wp\/v2\/types\/post"}],"author":[{"embeddable":true,"href":"https:\/\/www.radioamigavallenar.cl\/index.php?rest_route=\/wp\/v2\/users\/2"}],"replies":[{"embeddable":true,"href":"https:\/\/www.radioamigavallenar.cl\/index.php?rest_route=%2Fwp%2Fv2%2Fcomments&post=21127"}],"version-history":[{"count":0,"href":"https:\/\/www.radioamigavallenar.cl\/index.php?rest_route=\/wp\/v2\/posts\/21127\/revisions"}],"wp:featuredmedia":[{"embeddable":true,"href":"https:\/\/www.radioamigavallenar.cl\/index.php?rest_route=\/wp\/v2\/media\/21128"}],"wp:attachment":[{"href":"https:\/\/www.radioamigavallenar.cl\/index.php?rest_route=%2Fwp%2Fv2%2Fmedia&parent=21127"}],"wp:term":[{"taxonomy":"category","embeddable":true,"href":"https:\/\/www.radioamigavallenar.cl\/index.php?rest_route=%2Fwp%2Fv2%2Fcategories&post=21127"},{"taxonomy":"post_tag","embeddable":true,"href":"https:\/\/www.radioamigavallenar.cl\/index.php?rest_route=%2Fwp%2Fv2%2Ftags&post=21127"}],"curies":[{"name":"wp","href":"https:\/\/api.w.org\/{rel}","templated":true}]}}