{"id":21085,"date":"2020-02-18T12:16:18","date_gmt":"2020-02-18T15:16:18","guid":{"rendered":"https:\/\/www.radioamigavallenar.cl\/?p=21085"},"modified":"2020-02-18T12:16:20","modified_gmt":"2020-02-18T15:16:20","slug":"chileno-creo-mascarilla-de-cobre-que-sirve-contra-el-coronavirus","status":"publish","type":"post","link":"https:\/\/www.radioamigavallenar.cl\/?p=21085","title":{"rendered":"Chileno cre\u00f3 mascarilla de cobre que sirve contra el coronavirus"},"content":{"rendered":"\n<div class=\"wp-block-image\"><figure class=\"aligncenter size-large\"><img loading=\"lazy\" decoding=\"async\" width=\"925\" height=\"470\" src=\"https:\/\/www.radioamigavallenar.cl\/wp-content\/uploads\/2020\/02\/mascarilla1-925x470-1.jpg\" alt=\"\" class=\"wp-image-21086\" srcset=\"https:\/\/www.radioamigavallenar.cl\/wp-content\/uploads\/2020\/02\/mascarilla1-925x470-1.jpg 925w, https:\/\/www.radioamigavallenar.cl\/wp-content\/uploads\/2020\/02\/mascarilla1-925x470-1-300x152.jpg 300w, https:\/\/www.radioamigavallenar.cl\/wp-content\/uploads\/2020\/02\/mascarilla1-925x470-1-768x390.jpg 768w\" sizes=\"auto, (max-width: 925px) 100vw, 925px\" \/><\/figure><\/div>\n\n\n\n<p>Oscar Silva es un&nbsp;<strong>chileno que cre\u00f3 una mascarilla de cobre\nantibacteriana,<\/strong>&nbsp;una idea que surge por las infecciones intrahospitalarias, pero\nque&nbsp;<strong>hoy cobra una nueva vida tras el\nestallido social y la&nbsp;<a href=\"https:\/\/www.adnradio.cl\/nacional\/2020\/02\/17\/seremi-de-salud-reforzara-medidas-en-aeropuertos-por-coronavirus.html\" target=\"_blank\" rel=\"noreferrer noopener\">eventual irrupci\u00f3n del coronavirus en el pa\u00eds<\/a>.<\/strong><\/p>\n\n\n\n<p>Silva cont\u00f3 que cre\u00f3 una m\u00e1quina que se\nencarga de trabajar el cobre hasta crear una tela \u201ctan delgadita como un\ncabello\u201d,&nbsp;<strong>idea que patent\u00f3 junto a su hijo<\/strong>. La crisis lo hizo\ndescubrir que&nbsp;<strong>ambos eran los \u00fanicos en el mundo en\ncrear una tela de cobre antibacteriana.<\/strong><\/p>\n\n\n\n<p>La venta de esta mascarilla de cobre\nresult\u00f3 muy exitosa, llegando a los 500.000 mensuales. Sin embargo,<strong>&nbsp;sus clientes est\u00e1n en el \u00e1rea de la salud y en lugares tan lejanos\ncomo Shanghai y Jap\u00f3n. \u201cEn Chile es donde menos vendo\u201d,<\/strong>&nbsp;cuando para las\nmanifestaciones del estallido social se siguen usando las cl\u00e1sicas mascarillas\nde papel.&nbsp;<strong>\u201cLas nuestras, en cambio, matan los\nvirus\u201d.&nbsp;<\/strong><\/p>\n\n\n\n<p><strong>\u201cSoy chileno, \u00e9se es\nel problema m\u00edo. Aqu\u00ed soy poco conocido\u201d,<\/strong>&nbsp;cont\u00f3 Silva, cuyas mascarillas\nCoureTex<strong>&nbsp;tienen un costo cercano a los\n$1.000 y son lavables<\/strong>. El producto se puede encontrar v\u00eda internet en&nbsp;<a href=\"http:\/\/coure.cl\/\" target=\"_blank\" rel=\"noreferrer noopener\">coure.cl<\/a>&nbsp;y\nen sus instalaciones, en el cerro Los Placeres, en Valpara\u00edso.<\/p>\n\n\n\n<p>Por \u00faltimo, Silva cont\u00f3 sobre el inter\u00e9s\nque la mascarilla de cobre ha despertado en mercados internacionales.&nbsp;<strong>\u201cHe tenido hartas ofertas, pero ninguno tiene tanta plata\u201d.<\/strong><\/p>\n","protected":false},"excerpt":{"rendered":"<p>Oscar Silva es un&nbsp;chileno que cre\u00f3 una mascarilla de cobre antibacteriana,&nbsp;una idea que surge por las infecciones intrahospitalarias, pero que&nbsp;hoy cobra una nueva vida tras&hellip; <\/p>\n","protected":false},"author":2,"featured_media":21086,"comment_status":"open","ping_status":"closed","sticky":false,"template":"","format":"standard","meta":{"footnotes":""},"categories":[37],"tags":[],"class_list":["post-21085","post","type-post","status-publish","format-standard","has-post-thumbnail","hentry","category-nacional"],"_links":{"self":[{"href":"https:\/\/www.radioamigavallenar.cl\/index.php?rest_route=\/wp\/v2\/posts\/21085","targetHints":{"allow":["GET"]}}],"collection":[{"href":"https:\/\/www.radioamigavallenar.cl\/index.php?rest_route=\/wp\/v2\/posts"}],"about":[{"href":"https:\/\/www.radioamigavallenar.cl\/index.php?rest_route=\/wp\/v2\/types\/post"}],"author":[{"embeddable":true,"href":"https:\/\/www.radioamigavallenar.cl\/index.php?rest_route=\/wp\/v2\/users\/2"}],"replies":[{"embeddable":true,"href":"https:\/\/www.radioamigavallenar.cl\/index.php?rest_route=%2Fwp%2Fv2%2Fcomments&post=21085"}],"version-history":[{"count":0,"href":"https:\/\/www.radioamigavallenar.cl\/index.php?rest_route=\/wp\/v2\/posts\/21085\/revisions"}],"wp:featuredmedia":[{"embeddable":true,"href":"https:\/\/www.radioamigavallenar.cl\/index.php?rest_route=\/wp\/v2\/media\/21086"}],"wp:attachment":[{"href":"https:\/\/www.radioamigavallenar.cl\/index.php?rest_route=%2Fwp%2Fv2%2Fmedia&parent=21085"}],"wp:term":[{"taxonomy":"category","embeddable":true,"href":"https:\/\/www.radioamigavallenar.cl\/index.php?rest_route=%2Fwp%2Fv2%2Fcategories&post=21085"},{"taxonomy":"post_tag","embeddable":true,"href":"https:\/\/www.radioamigavallenar.cl\/index.php?rest_route=%2Fwp%2Fv2%2Ftags&post=21085"}],"curies":[{"name":"wp","href":"https:\/\/api.w.org\/{rel}","templated":true}]}}