{"id":21082,"date":"2020-02-18T11:13:01","date_gmt":"2020-02-18T14:13:01","guid":{"rendered":"https:\/\/www.radioamigavallenar.cl\/?p=21082"},"modified":"2020-02-18T11:13:03","modified_gmt":"2020-02-18T14:13:03","slug":"ayer-lunes-se-dio-el-vamos-a-el-campeonato-inter-regional-de-futbol","status":"publish","type":"post","link":"https:\/\/www.radioamigavallenar.cl\/?p=21082","title":{"rendered":"Ayer lunes se dio el vamos a el campeonato Inter Regional de f\u00fatbol,"},"content":{"rendered":"\n<div class=\"wp-block-image\"><figure class=\"aligncenter size-large is-resized\"><img loading=\"lazy\" decoding=\"async\" src=\"https:\/\/www.radioamigavallenar.cl\/wp-content\/uploads\/2020\/02\/86667298_2876750905724405_2798863962978910208_n.jpg\" alt=\"\" class=\"wp-image-21083\" width=\"533\" height=\"400\" srcset=\"https:\/\/www.radioamigavallenar.cl\/wp-content\/uploads\/2020\/02\/86667298_2876750905724405_2798863962978910208_n.jpg 960w, https:\/\/www.radioamigavallenar.cl\/wp-content\/uploads\/2020\/02\/86667298_2876750905724405_2798863962978910208_n-300x225.jpg 300w, https:\/\/www.radioamigavallenar.cl\/wp-content\/uploads\/2020\/02\/86667298_2876750905724405_2798863962978910208_n-768x576.jpg 768w\" sizes=\"auto, (max-width: 533px) 100vw, 533px\" \/><\/figure><\/div>\n\n\n\n<p>Gobernadora del Huasco,&nbsp;<a href=\"https:\/\/www.facebook.com\/nelly.t.bou?__tn__=%2CdK-R-R&amp;eid=ARDiLPyNEeXbzEs-iMmfTDPcjIAuAWSWcCjjQCMKB_Cr2zkSMO7tuGdjQNtB0WVpeULkyU1GPxR1OJni&amp;fref=mentions\">Nelly Teresa Galeb Bou<\/a>, junto al Seremi del Deporte,&nbsp;<a href=\"https:\/\/www.facebook.com\/willy.procurizanaim?__tn__=%2CdK-R-R&amp;eid=ARAqN10Ohxw6fbnD9HsJnC_Z0JiTL7fxqUuh6PYmOwZHCnp7s9Qq5141iQqaIoCZuYO4bHZBVUfOBYoN&amp;fref=mentions\">Guillermo Procuriza Naim<\/a>, encabeza la Inauguraci\u00f3n de campeonato Inter Regional de f\u00fatbol, y en la que se dan cita; Atacama, Magallanes, Valpara\u00edso y O\u2019Higgins.<\/p>\n\n\n\n<p>En la actividad que se lleva a cabo en el estadio del complejo deportivo Algarrobo de Vallenar, estuvieron presente adem\u00e1s, el alcalde de la comuna, concejales, dirigentes deportivos y aficionados.<\/p>\n\n\n\n<p>La gobernadora Nelly Galeb destac\u00f3 en nombre del gobierno la iniciativa de llevar a cabo esta justa deportiva inst\u00e1ndoles a llevar a cabo un gran torneo y a llevarse un grato recuerdo de su visita por el valle del Huasco.<\/p>\n","protected":false},"excerpt":{"rendered":"<p>Gobernadora del Huasco,&nbsp;Nelly Teresa Galeb Bou, junto al Seremi del Deporte,&nbsp;Guillermo Procuriza Naim, encabeza la Inauguraci\u00f3n de campeonato Inter Regional de f\u00fatbol, y en la&hellip; <\/p>\n","protected":false},"author":2,"featured_media":21083,"comment_status":"open","ping_status":"closed","sticky":false,"template":"","format":"standard","meta":{"footnotes":""},"categories":[8,2],"tags":[],"class_list":["post-21082","post","type-post","status-publish","format-standard","has-post-thumbnail","hentry","category-deportes","category-vallenar"],"_links":{"self":[{"href":"https:\/\/www.radioamigavallenar.cl\/index.php?rest_route=\/wp\/v2\/posts\/21082","targetHints":{"allow":["GET"]}}],"collection":[{"href":"https:\/\/www.radioamigavallenar.cl\/index.php?rest_route=\/wp\/v2\/posts"}],"about":[{"href":"https:\/\/www.radioamigavallenar.cl\/index.php?rest_route=\/wp\/v2\/types\/post"}],"author":[{"embeddable":true,"href":"https:\/\/www.radioamigavallenar.cl\/index.php?rest_route=\/wp\/v2\/users\/2"}],"replies":[{"embeddable":true,"href":"https:\/\/www.radioamigavallenar.cl\/index.php?rest_route=%2Fwp%2Fv2%2Fcomments&post=21082"}],"version-history":[{"count":0,"href":"https:\/\/www.radioamigavallenar.cl\/index.php?rest_route=\/wp\/v2\/posts\/21082\/revisions"}],"wp:featuredmedia":[{"embeddable":true,"href":"https:\/\/www.radioamigavallenar.cl\/index.php?rest_route=\/wp\/v2\/media\/21083"}],"wp:attachment":[{"href":"https:\/\/www.radioamigavallenar.cl\/index.php?rest_route=%2Fwp%2Fv2%2Fmedia&parent=21082"}],"wp:term":[{"taxonomy":"category","embeddable":true,"href":"https:\/\/www.radioamigavallenar.cl\/index.php?rest_route=%2Fwp%2Fv2%2Fcategories&post=21082"},{"taxonomy":"post_tag","embeddable":true,"href":"https:\/\/www.radioamigavallenar.cl\/index.php?rest_route=%2Fwp%2Fv2%2Ftags&post=21082"}],"curies":[{"name":"wp","href":"https:\/\/api.w.org\/{rel}","templated":true}]}}