{"id":21075,"date":"2020-02-18T09:58:30","date_gmt":"2020-02-18T12:58:30","guid":{"rendered":"https:\/\/www.radioamigavallenar.cl\/?p=21075"},"modified":"2020-02-18T09:58:31","modified_gmt":"2020-02-18T12:58:31","slug":"declaran-alerta-temprana-preventiva-para-4-comunas-de-atacama-por-tormentas-electricas","status":"publish","type":"post","link":"https:\/\/www.radioamigavallenar.cl\/?p=21075","title":{"rendered":"Declaran Alerta Temprana Preventiva para 4 comunas de Atacama por tormentas el\u00e9ctricas"},"content":{"rendered":"\n<div class=\"wp-block-image\"><figure class=\"aligncenter size-large is-resized\"><img loading=\"lazy\" decoding=\"async\" src=\"https:\/\/www.radioamigavallenar.cl\/wp-content\/uploads\/2020\/02\/XEOP_211_.jpg\" alt=\"\" class=\"wp-image-21077\" width=\"532\" height=\"298\" srcset=\"https:\/\/www.radioamigavallenar.cl\/wp-content\/uploads\/2020\/02\/XEOP_211_.jpg 730w, https:\/\/www.radioamigavallenar.cl\/wp-content\/uploads\/2020\/02\/XEOP_211_-300x168.jpg 300w\" sizes=\"auto, (max-width: 532px) 100vw, 532px\" \/><\/figure><\/div>\n\n\n\n<p>De acuerdo con<strong>&nbsp;la informaci\u00f3n proporcionada por la Direcci\u00f3n Meteorol\u00f3gica de Chile (DMC),<\/strong>&nbsp;se prev\u00e9 el probable desarrollo de tormentas el\u00e9ctricas en el sector cordillerano de la Regi\u00f3n de Atacama, durante los d\u00edas jueves 20 y viernes 21 de febrero. Cabe se\u00f1alar, que la mayor actividad de este fen\u00f3meno meteorol\u00f3gico, se registrar\u00e1 en horas de la tarde y noche del periodo antes mencionado.<\/p>\n\n\n\n<p>En consideraci\u00f3n a estos antecedentes, que suponen un aumento del riesgo asociado a esta variable, la Direcci\u00f3n Regional de ONEMI Atacama<strong>&nbsp;declara Alerta Temprana Preventiva&nbsp;<\/strong>para las comunas de Copiap\u00f3, Tierra Amarilla, Alto del Carmen y Diego de Almagro, por tormentas el\u00e9ctricas, vigente a partir de hoy y hasta que las condiciones as\u00ed lo ameriten.<\/p>\n\n\n\n<p>La declaraci\u00f3n de esta alerta se constituye como un estado de reforzamiento de la vigilancia, mediante el monitoreo preciso y riguroso de las condiciones de riesgo y las respectivas vulnerabilidades asociadas a la amenaza, coordinando y activando al Sistema de Protecci\u00f3n Civil con el fin de actuar oportunamente frente a eventuales situaciones de emergencia.<\/p>\n\n\n\n<p><em><strong>ONEMI&nbsp;<\/strong>recomienda a la poblaci\u00f3n permanecer en un lugar seguro y evitar salir, a menos que sea absolutamente necesario; evitar la proximidad a maquinarias, cercas o rejas de metal, alambrados y l\u00edneas el\u00e9ctricas y\/o de telefon\u00eda; y no utilizar equipos radiales, aparatos GPS, tel\u00e9fonos fijos o m\u00f3viles durante la tormenta.<\/em><\/p>\n","protected":false},"excerpt":{"rendered":"<p>De acuerdo con&nbsp;la informaci\u00f3n proporcionada por la Direcci\u00f3n Meteorol\u00f3gica de Chile (DMC),&nbsp;se prev\u00e9 el probable desarrollo de tormentas el\u00e9ctricas en el sector cordillerano de la&hellip; <\/p>\n","protected":false},"author":2,"featured_media":21077,"comment_status":"open","ping_status":"closed","sticky":false,"template":"","format":"standard","meta":{"footnotes":""},"categories":[7],"tags":[],"class_list":["post-21075","post","type-post","status-publish","format-standard","has-post-thumbnail","hentry","category-atacama"],"_links":{"self":[{"href":"https:\/\/www.radioamigavallenar.cl\/index.php?rest_route=\/wp\/v2\/posts\/21075","targetHints":{"allow":["GET"]}}],"collection":[{"href":"https:\/\/www.radioamigavallenar.cl\/index.php?rest_route=\/wp\/v2\/posts"}],"about":[{"href":"https:\/\/www.radioamigavallenar.cl\/index.php?rest_route=\/wp\/v2\/types\/post"}],"author":[{"embeddable":true,"href":"https:\/\/www.radioamigavallenar.cl\/index.php?rest_route=\/wp\/v2\/users\/2"}],"replies":[{"embeddable":true,"href":"https:\/\/www.radioamigavallenar.cl\/index.php?rest_route=%2Fwp%2Fv2%2Fcomments&post=21075"}],"version-history":[{"count":0,"href":"https:\/\/www.radioamigavallenar.cl\/index.php?rest_route=\/wp\/v2\/posts\/21075\/revisions"}],"wp:featuredmedia":[{"embeddable":true,"href":"https:\/\/www.radioamigavallenar.cl\/index.php?rest_route=\/wp\/v2\/media\/21077"}],"wp:attachment":[{"href":"https:\/\/www.radioamigavallenar.cl\/index.php?rest_route=%2Fwp%2Fv2%2Fmedia&parent=21075"}],"wp:term":[{"taxonomy":"category","embeddable":true,"href":"https:\/\/www.radioamigavallenar.cl\/index.php?rest_route=%2Fwp%2Fv2%2Fcategories&post=21075"},{"taxonomy":"post_tag","embeddable":true,"href":"https:\/\/www.radioamigavallenar.cl\/index.php?rest_route=%2Fwp%2Fv2%2Ftags&post=21075"}],"curies":[{"name":"wp","href":"https:\/\/api.w.org\/{rel}","templated":true}]}}