{"id":21070,"date":"2020-02-18T00:24:07","date_gmt":"2020-02-18T03:24:07","guid":{"rendered":"https:\/\/www.radioamigavallenar.cl\/?p=21070"},"modified":"2020-02-18T00:24:08","modified_gmt":"2020-02-18T03:24:08","slug":"diputado-noman-entrega-su-apoyo-al-proyecto-crea-un-registro-nacional-de-cuidadores-de-personas-en-situacion-de-discapacidad","status":"publish","type":"post","link":"https:\/\/www.radioamigavallenar.cl\/?p=21070","title":{"rendered":"Diputado Noman entrega  su apoyo al proyecto crea un Registro Nacional de Cuidadores de personas en situaci\u00f3n de discapacidad"},"content":{"rendered":"\n<div class=\"wp-block-image\"><figure class=\"aligncenter size-large is-resized\"><img loading=\"lazy\" decoding=\"async\" src=\"https:\/\/www.radioamigavallenar.cl\/wp-content\/uploads\/2020\/02\/NOMAN-1024x683-1.jpg\" alt=\"\" class=\"wp-image-21071\" width=\"576\" height=\"383\" srcset=\"https:\/\/www.radioamigavallenar.cl\/wp-content\/uploads\/2020\/02\/NOMAN-1024x683-1.jpg 1024w, https:\/\/www.radioamigavallenar.cl\/wp-content\/uploads\/2020\/02\/NOMAN-1024x683-1-300x200.jpg 300w, https:\/\/www.radioamigavallenar.cl\/wp-content\/uploads\/2020\/02\/NOMAN-1024x683-1-768x512.jpg 768w\" sizes=\"auto, (max-width: 576px) 100vw, 576px\" \/><\/figure><\/div>\n\n\n\n<p>Situaci\u00f3n, explic\u00f3 la parlamentaria, que obliga en muchos casos a dejar de lado su vida laboral o la realizaci\u00f3n de actividades que realizaban con anterioridad.<\/p>\n\n\n\n<p>La C\u00e1mara de Diputados aprob\u00f3 un proyecto de resoluci\u00f3n por medio del cual se solicita al Ministerio de Desarrollo Social la creaci\u00f3n de un registro nacional de cuidadores de personas con discapacidad o dependencia severa permanente transitoria.<\/p>\n\n\n\n<p>Al respecto, el diputado Nicol\u00e1s Noman quien entreg\u00f3 su voto favorable a la iniciativa, asegur\u00f3 que \u201cen la actualidad muchas personas se abocan a tiempo completo a realizar labores de cuidado de personas con discapacidad\u201d.<\/p>\n\n\n\n<p>Situaci\u00f3n, explic\u00f3 el parlamentario, que obliga en muchos casos a dejar de lado su vida laboral o la realizaci\u00f3n de actividades que realizaban con anterioridad, lo cual los hace un grupo vulnerable social y econ\u00f3micamente.<\/p>\n\n\n\n<p>Y en esa l\u00ednea, subray\u00f3 el diputado por Atacama, \u201ceste conjunto de personas dedicadas permanentemente al cuidado de otras, requieren de pol\u00edticas sociales espec\u00edficas y sostenidas en el tiempo, lo que no se puede concretar de no existir alg\u00fan tipo de medici\u00f3n o registro del n\u00famero y sus necesidades.<\/p>\n\n\n\n<p>Por esta raz\u00f3n, finaliz\u00f3 el diputado Nicol\u00e1s Noman, resulta imprescindible que el Ministerio de Desarrollo Social cree este registro nacional de cuidadores de personas con discapacidad, con el fin de que no queden desamparadas de la ayuda requerida.<\/p>\n","protected":false},"excerpt":{"rendered":"<p>Situaci\u00f3n, explic\u00f3 la parlamentaria, que obliga en muchos casos a dejar de lado su vida laboral o la realizaci\u00f3n de actividades que realizaban con anterioridad.&hellip; <\/p>\n","protected":false},"author":2,"featured_media":21071,"comment_status":"open","ping_status":"closed","sticky":false,"template":"","format":"standard","meta":{"footnotes":""},"categories":[7],"tags":[],"class_list":["post-21070","post","type-post","status-publish","format-standard","has-post-thumbnail","hentry","category-atacama"],"_links":{"self":[{"href":"https:\/\/www.radioamigavallenar.cl\/index.php?rest_route=\/wp\/v2\/posts\/21070","targetHints":{"allow":["GET"]}}],"collection":[{"href":"https:\/\/www.radioamigavallenar.cl\/index.php?rest_route=\/wp\/v2\/posts"}],"about":[{"href":"https:\/\/www.radioamigavallenar.cl\/index.php?rest_route=\/wp\/v2\/types\/post"}],"author":[{"embeddable":true,"href":"https:\/\/www.radioamigavallenar.cl\/index.php?rest_route=\/wp\/v2\/users\/2"}],"replies":[{"embeddable":true,"href":"https:\/\/www.radioamigavallenar.cl\/index.php?rest_route=%2Fwp%2Fv2%2Fcomments&post=21070"}],"version-history":[{"count":0,"href":"https:\/\/www.radioamigavallenar.cl\/index.php?rest_route=\/wp\/v2\/posts\/21070\/revisions"}],"wp:featuredmedia":[{"embeddable":true,"href":"https:\/\/www.radioamigavallenar.cl\/index.php?rest_route=\/wp\/v2\/media\/21071"}],"wp:attachment":[{"href":"https:\/\/www.radioamigavallenar.cl\/index.php?rest_route=%2Fwp%2Fv2%2Fmedia&parent=21070"}],"wp:term":[{"taxonomy":"category","embeddable":true,"href":"https:\/\/www.radioamigavallenar.cl\/index.php?rest_route=%2Fwp%2Fv2%2Fcategories&post=21070"},{"taxonomy":"post_tag","embeddable":true,"href":"https:\/\/www.radioamigavallenar.cl\/index.php?rest_route=%2Fwp%2Fv2%2Ftags&post=21070"}],"curies":[{"name":"wp","href":"https:\/\/api.w.org\/{rel}","templated":true}]}}