{"id":21065,"date":"2020-02-18T00:00:00","date_gmt":"2020-02-18T03:00:00","guid":{"rendered":"https:\/\/www.radioamigavallenar.cl\/?p=21065"},"modified":"2020-02-18T00:02:51","modified_gmt":"2020-02-18T03:02:51","slug":"minvu-beneficia-a-13-familias-para-mejoramiento-de-viviendas-en-carrizal-bajo","status":"publish","type":"post","link":"https:\/\/www.radioamigavallenar.cl\/?p=21065","title":{"rendered":"Minvu beneficia a 13 familias para mejoramiento de viviendas en Carrizal BaJo"},"content":{"rendered":"\n<div class=\"wp-block-image\"><figure class=\"aligncenter size-large is-resized\"><img loading=\"lazy\" decoding=\"async\" src=\"https:\/\/www.radioamigavallenar.cl\/wp-content\/uploads\/2020\/02\/IMG_E2116-scaled-1.jpg\" alt=\"\" class=\"wp-image-21066\" width=\"517\" height=\"422\" srcset=\"https:\/\/www.radioamigavallenar.cl\/wp-content\/uploads\/2020\/02\/IMG_E2116-scaled-1.jpg 900w, https:\/\/www.radioamigavallenar.cl\/wp-content\/uploads\/2020\/02\/IMG_E2116-scaled-1-300x246.jpg 300w, https:\/\/www.radioamigavallenar.cl\/wp-content\/uploads\/2020\/02\/IMG_E2116-scaled-1-768x629.jpg 768w\" sizes=\"auto, (max-width: 517px) 100vw, 517px\" \/><\/figure><\/div>\n\n\n\n<p>En el marco de la gesti\u00f3n del Gobierno, que busca mejorar la calidad de vida de las personas, el Ministerio de Vivienda y Urbanismo por medio del SERVIU Atacama, entreg\u00f3 recientemente 363 subsidios para el mejoramiento de viviendas ya existentes y que necesiten inversi\u00f3n en materias como seguridad, ampliaciones, reparaci\u00f3n de techumbres, recuperaci\u00f3n de pisos, paredes, artefactos de ba\u00f1o, o la instalaci\u00f3n de equipos de eficiencia energ\u00e9tica.<\/p>\n\n\n\n<p>Para cumplir esta labor, las familias debieron aportar con un ahorro individual de al menos 3 UF, es decir, una cantidad levemente superior a los 85 mil pesos, mientras que el MINVU aport\u00f3, en su totalidad, una cifra que sobrepas\u00f3 los 560 millones de pesos.<\/p>\n\n\n\n<p>62 de estos subsidios ser\u00e1n aplicados en la comuna de Caldera, 266 en la comuna de Copiap\u00f3, 22 en la comuna de Diego de Almagro y 13 en la localidad rural costera de Carrizal Bajo, en la comuna de Huasco.<\/p>\n\n\n\n<p>Precisamente, en este lugar, se llev\u00f3 a cabo la actividad en que las 13 familias recibieron su certificado de manos de las autoridades, obras que iniciar\u00e1n en marzo pr\u00f3ximo con la instalaci\u00f3n de equipos termosolares que les permitir\u00e1 contar con agua caliente a un bajo costo en energ\u00eda.<\/p>\n\n\n\n<p>Al respecto, la Gobernadora de la Provincia del Huasco, Nelly Galeb, enfatiz\u00f3 que \u201cuna de las pol\u00edticas m\u00e1s relevantes del Gobierno del Presidente, Sebasti\u00e1n Pi\u00f1era, es llegar hasta los lugares m\u00e1s apartados, de manera de responder a los requerimientos que la comunidad hace presente. Y Carrizal Bajo no es la excepci\u00f3n, por eso es tan relevante la entrega de estos 13 beneficios que son una real soluci\u00f3n para la vida de la gente\u201d.<\/p>\n\n\n\n<p>En esta l\u00ednea, el Alcalde de Huasco, Rodrigo Loyola, se mostr\u00f3 contento por el avance que los equipos termosolares significar\u00e1n para las familias, ya que seg\u00fan explic\u00f3 \u201cvan a permitir un ahorro importante, van a permitir cuidar el medio ambiente, optimizar su vivienda y mejorar, obviamente, su calidad de vida\u201d.<\/p>\n\n\n\n<p>Sergio Carvajal, jefe del departamento de Operaciones Habitacionales de SERVIU, represent\u00f3 al MINVU en la entrega de estos 13 subsidios, instancia en que invit\u00f3 a la municipalidad a continuar aunando trabajo para que m\u00e1s casas en la localidad puedan ser mejoradas.<\/p>\n\n\n\n<p>La Sra. Lidia Aguirre, quien vive hace 27 a\u00f1os en Carrizal Bajo, fue una de las alegres beneficiadas.<\/p>\n\n\n\n<p>Para ella, recibir este colector solar, subray\u00f3, es un significativo adelanto porque \u201ces algo que estamos esperando largamente. Nos va permitir ahorrar, tener ag\u00fcita caliente para lavar la loza, para la ducha y economizar en el gasto de la familia y hacer rendir m\u00e1s los recursos\u201d.<\/p>\n\n\n\n<p>La inversi\u00f3n realizada por el Ministerio de Vivienda y Urbanismo, en la instalaci\u00f3n de estos 13 colectores solares, sobrepasa los 20 millones, mientras que individualmente es levemente superior al mill\u00f3n 500 mil pesos.<\/p>\n\n\n\n<p><\/p>\n","protected":false},"excerpt":{"rendered":"<p>En el marco de la gesti\u00f3n del Gobierno, que busca mejorar la calidad de vida de las personas, el Ministerio de Vivienda y Urbanismo por&hellip; <\/p>\n","protected":false},"author":2,"featured_media":21066,"comment_status":"open","ping_status":"closed","sticky":false,"template":"","format":"standard","meta":{"footnotes":""},"categories":[7],"tags":[],"class_list":["post-21065","post","type-post","status-publish","format-standard","has-post-thumbnail","hentry","category-atacama"],"_links":{"self":[{"href":"https:\/\/www.radioamigavallenar.cl\/index.php?rest_route=\/wp\/v2\/posts\/21065","targetHints":{"allow":["GET"]}}],"collection":[{"href":"https:\/\/www.radioamigavallenar.cl\/index.php?rest_route=\/wp\/v2\/posts"}],"about":[{"href":"https:\/\/www.radioamigavallenar.cl\/index.php?rest_route=\/wp\/v2\/types\/post"}],"author":[{"embeddable":true,"href":"https:\/\/www.radioamigavallenar.cl\/index.php?rest_route=\/wp\/v2\/users\/2"}],"replies":[{"embeddable":true,"href":"https:\/\/www.radioamigavallenar.cl\/index.php?rest_route=%2Fwp%2Fv2%2Fcomments&post=21065"}],"version-history":[{"count":0,"href":"https:\/\/www.radioamigavallenar.cl\/index.php?rest_route=\/wp\/v2\/posts\/21065\/revisions"}],"wp:featuredmedia":[{"embeddable":true,"href":"https:\/\/www.radioamigavallenar.cl\/index.php?rest_route=\/wp\/v2\/media\/21066"}],"wp:attachment":[{"href":"https:\/\/www.radioamigavallenar.cl\/index.php?rest_route=%2Fwp%2Fv2%2Fmedia&parent=21065"}],"wp:term":[{"taxonomy":"category","embeddable":true,"href":"https:\/\/www.radioamigavallenar.cl\/index.php?rest_route=%2Fwp%2Fv2%2Fcategories&post=21065"},{"taxonomy":"post_tag","embeddable":true,"href":"https:\/\/www.radioamigavallenar.cl\/index.php?rest_route=%2Fwp%2Fv2%2Ftags&post=21065"}],"curies":[{"name":"wp","href":"https:\/\/api.w.org\/{rel}","templated":true}]}}