{"id":21053,"date":"2020-02-18T00:00:00","date_gmt":"2020-02-18T03:00:00","guid":{"rendered":"https:\/\/www.radioamigavallenar.cl\/?p=21053"},"modified":"2020-02-18T00:03:16","modified_gmt":"2020-02-18T03:03:16","slug":"debate-constitucional-prokurica-dice-que-un-cambio-importante-en-las-reglas-del-juego-en-la-mineria-generaria-un-balazo-en-los-pies","status":"publish","type":"post","link":"https:\/\/www.radioamigavallenar.cl\/?p=21053","title":{"rendered":"Debate constitucional: Prokurica dice que un cambio importante en las reglas del juego en la miner\u00eda generar\u00eda \u00abun balazo en los pies\u00bb"},"content":{"rendered":"\n<div class=\"wp-block-image\"><figure class=\"aligncenter size-large\"><img loading=\"lazy\" decoding=\"async\" width=\"600\" height=\"400\" src=\"https:\/\/www.radioamigavallenar.cl\/wp-content\/uploads\/2020\/02\/file_20160405191649.jpg\" alt=\"\" class=\"wp-image-21054\" srcset=\"https:\/\/www.radioamigavallenar.cl\/wp-content\/uploads\/2020\/02\/file_20160405191649.jpg 600w, https:\/\/www.radioamigavallenar.cl\/wp-content\/uploads\/2020\/02\/file_20160405191649-300x200.jpg 300w\" sizes=\"auto, (max-width: 600px) 100vw, 600px\" \/><\/figure><\/div>\n\n\n\n<p>El ministro de Miner\u00eda,&nbsp;<strong>Baldo Prokurica<\/strong>, se refiri\u00f3 al proceso constituyente que est\u00e1 viviendo el pa\u00eds y los eventuales efectos que este podr\u00eda generar en la industria, se\u00f1alando que \u00ab<strong>siempre los cambios a nivel constitucional que puedan afectar las reglas del juego son temas que pueden afectar las inversiones<\/strong>. En el caso de la miner\u00eda, hasta hoy, eso no ha ocurrido\u00bb<\/p>\n\n\n\n<p>As\u00ed, el secretario de Estado destac\u00f3 en CNN Chile que los c\u00e1lculos positivos de la Comisi\u00f3n Chilena del Cobre (Cochilco) para el 2020 y aclar\u00f3 que \u00abel fen\u00f3meno que ha ocurrido con la crisis social va a afectar el ambiente, la imagen de Chile, esto no debiera hacerlo tan profundamente, especialmente en estos negocios que son de muy largo plazo\u00bb.<\/p>\n\n\n\n<p>Sin embargo detall\u00f3 que \u00abun pa\u00eds como el nuestro, que tiene una imagen en el mundo entero y cuyos ingresos por concepto de la miner\u00eda son tan importantes, si quiere mejorar sus condiciones econ\u00f3micas para sus habitantes, si quiere cumplir con los compromisos que el Gobierno ha tomado en materia de sueldo m\u00ednimo, de pensiones y lo dem\u00e1s,&nbsp;<strong>producir un cambio muy importante en las reglas del juego de la miner\u00eda, podr\u00eda generar un balazo en los pie<\/strong>s\u00bb.<\/p>\n\n\n\n<p>Esto, seg\u00fan el ministro debido a que \u00abbajar la inversi\u00f3n y generar condiciones de inestabilidad en un negocio en largo tiempo puede generarnos un da\u00f1o enorme, y por lo tanto, lo que tenemos que hacer es atraer mayor inversi\u00f3n y generar condiciones que permitan que tengamos mejores condiciones a\u00fan o mantener las condiciones\u00bb.<\/p>\n\n\n\n<p><strong>Coronavirus<\/strong><\/p>\n\n\n\n<p>Adem\u00e1s, el titular de la cartera ahond\u00f3 en el brote mundial del coronavirus y su efecto en la industria del cobre, reconociendo que la situaci\u00f3n \u00abes complicada\u00bb debido a que&nbsp;<strong>\u00abChina es el pa\u00eds que m\u00e1s consume cobre y uno de los que m\u00e1s nos compra\u00bb.&nbsp;<\/strong><\/p>\n\n\n\n<p>\u00abAntes del problema del coronavirus est\u00e1bamos con un stock que, si paralizaban todas las minas del mundo, hab\u00eda cobre para cuatro d\u00edas. Este era uno de los stock m\u00e1s bajos de los \u00faltimos 17 a\u00f1os\u00bb, dijo.<\/p>\n\n\n\n<p>Sin embargo, detall\u00f3 que \u00ablo que ha ocurrido con el coronavirus es que al interior de China, y producto de que China se ha tomado en serio la situaci\u00f3n de esta enfermedad, lo que ha hecho es evitar el transporte, evitar que la gente vaya de una regi\u00f3n a otra, y eso ha generado un aumento importante de los stock en la bolsa de Shangh\u00e1i,&nbsp;<strong>y ha hecho bajar el precio que se ha cotizado en US$2,60 este \u00faltimo viernes<\/strong>\u00ab.&nbsp;<\/p>\n\n\n\n<p>\u00abEsto es complicado porque China es el pa\u00eds que m\u00e1s consume cobre y uno de los que m\u00e1s nos compra a nosotros\u00bb, agreg\u00f3 Prokurica.<\/p>\n\n\n\n<p>A pesar de esto, el ministro indic\u00f3 que el Gobierno mantiene estables sus proyecciones respecto al cobre. \u00abNosotros<strong>&nbsp;creemos que el precio del cobre<\/strong>&nbsp;debiera mejorar considerablemente producto del tema de los stock y que el tema del coronavirus no puede durar todo el a\u00f1o\u00bb, manifest\u00f3.<\/p>\n\n\n\n<p>Asimismo, el titular de Miner\u00eda valor\u00f3 los anuncios de la semana pasada acerca de la aprobaci\u00f3n del proyecto Salares Norte por parte del directorio de la empresa minera Gold Fields y la reapertura del proyecto La Coipa de Kinross, que generar\u00e1n m\u00e1s de cuatro mil empleos directos e indirectos en la Regi\u00f3n de Atacama.<\/p>\n\n\n\n<p>\u00abSi bien el precio del cobre ha ca\u00eddo, la inestabilidad lo que hace es mejorar las condiciones del precio del oro y estos son dos proyectos de oro que justamente est\u00e1n en esa l\u00ednea porque cuando hay inestabilidad, los mercados lo que buscan es poder asegurarse con el oro como respaldo\u00bb, se\u00f1al\u00f3.<\/p>\n","protected":false},"excerpt":{"rendered":"<p>El ministro de Miner\u00eda,&nbsp;Baldo Prokurica, se refiri\u00f3 al proceso constituyente que est\u00e1 viviendo el pa\u00eds y los eventuales efectos que este podr\u00eda generar en la&hellip; <\/p>\n","protected":false},"author":2,"featured_media":21054,"comment_status":"open","ping_status":"closed","sticky":false,"template":"","format":"standard","meta":{"footnotes":""},"categories":[7],"tags":[],"class_list":["post-21053","post","type-post","status-publish","format-standard","has-post-thumbnail","hentry","category-atacama"],"_links":{"self":[{"href":"https:\/\/www.radioamigavallenar.cl\/index.php?rest_route=\/wp\/v2\/posts\/21053","targetHints":{"allow":["GET"]}}],"collection":[{"href":"https:\/\/www.radioamigavallenar.cl\/index.php?rest_route=\/wp\/v2\/posts"}],"about":[{"href":"https:\/\/www.radioamigavallenar.cl\/index.php?rest_route=\/wp\/v2\/types\/post"}],"author":[{"embeddable":true,"href":"https:\/\/www.radioamigavallenar.cl\/index.php?rest_route=\/wp\/v2\/users\/2"}],"replies":[{"embeddable":true,"href":"https:\/\/www.radioamigavallenar.cl\/index.php?rest_route=%2Fwp%2Fv2%2Fcomments&post=21053"}],"version-history":[{"count":0,"href":"https:\/\/www.radioamigavallenar.cl\/index.php?rest_route=\/wp\/v2\/posts\/21053\/revisions"}],"wp:featuredmedia":[{"embeddable":true,"href":"https:\/\/www.radioamigavallenar.cl\/index.php?rest_route=\/wp\/v2\/media\/21054"}],"wp:attachment":[{"href":"https:\/\/www.radioamigavallenar.cl\/index.php?rest_route=%2Fwp%2Fv2%2Fmedia&parent=21053"}],"wp:term":[{"taxonomy":"category","embeddable":true,"href":"https:\/\/www.radioamigavallenar.cl\/index.php?rest_route=%2Fwp%2Fv2%2Fcategories&post=21053"},{"taxonomy":"post_tag","embeddable":true,"href":"https:\/\/www.radioamigavallenar.cl\/index.php?rest_route=%2Fwp%2Fv2%2Ftags&post=21053"}],"curies":[{"name":"wp","href":"https:\/\/api.w.org\/{rel}","templated":true}]}}