{"id":21050,"date":"2020-02-17T12:12:40","date_gmt":"2020-02-17T15:12:40","guid":{"rendered":"https:\/\/www.radioamigavallenar.cl\/?p=21050"},"modified":"2020-02-17T12:12:41","modified_gmt":"2020-02-17T15:12:41","slug":"fiscalia-acredito-delito-de-trafico-de-droga-a-imputados-que-vendian-pasta-base-de-cocaina","status":"publish","type":"post","link":"https:\/\/www.radioamigavallenar.cl\/?p=21050","title":{"rendered":"Fiscal\u00eda acredit\u00f3 delito de tr\u00e1fico de droga a imputados que vend\u00edan pasta base de coca\u00edna"},"content":{"rendered":"\n<div class=\"wp-block-image\"><figure class=\"aligncenter size-large\"><img loading=\"lazy\" decoding=\"async\" width=\"1024\" height=\"683\" src=\"https:\/\/www.radioamigavallenar.cl\/wp-content\/uploads\/2020\/02\/LEONEL-IBACACHE-1024x683.jpg\" alt=\"\" class=\"wp-image-21051\" srcset=\"https:\/\/www.radioamigavallenar.cl\/wp-content\/uploads\/2020\/02\/LEONEL-IBACACHE-1024x683.jpg 1024w, https:\/\/www.radioamigavallenar.cl\/wp-content\/uploads\/2020\/02\/LEONEL-IBACACHE-300x200.jpg 300w, https:\/\/www.radioamigavallenar.cl\/wp-content\/uploads\/2020\/02\/LEONEL-IBACACHE-768x512.jpg 768w, https:\/\/www.radioamigavallenar.cl\/wp-content\/uploads\/2020\/02\/LEONEL-IBACACHE-1536x1024.jpg 1536w, https:\/\/www.radioamigavallenar.cl\/wp-content\/uploads\/2020\/02\/LEONEL-IBACACHE-2048x1365.jpg 2048w\" sizes=\"auto, (max-width: 1024px) 100vw, 1024px\" \/><\/figure><\/div>\n\n\n\n<p>La Fiscal\u00eda de Atacama consigui\u00f3\nacreditar la autor\u00eda de un delito de tr\u00e1fico de drogas en contra de dos\nimputados, a quienes se indag\u00f3 por su actuaci\u00f3n en este hecho. El cual qued\u00f3 al\ndescubierto a partir de las diligencias que se desarrollaron junto a personal\ndel OS-7 de Carabineros.<\/p>\n\n\n\n<p>La informaci\u00f3n la entreg\u00f3 el fiscal\nencargado de este tipo de il\u00edcitos, Leonel Ibacache, quien indic\u00f3 que a partir\nde informaci\u00f3n obtenida se comenz\u00f3 a investigar al condenado con domicilio en\nla comuna de Tierra Amarilla, Giovanni Escobar Santana, de quien se conoci\u00f3 que\nal menos desde el mes de junio del a\u00f1o pasado comenz\u00f3 a mantener contacto con\ndistintos proveedores de droga a quienes adquir\u00eda semanalmente dosis de\naproximadamente 200 gramos de pasta base de coca\u00edna que luego dosificaba y\ncomercializaba con otros traficantes y consumidores.<\/p>\n\n\n\n<p>A partir de estos hechos, la Fiscal\u00eda\norden\u00f3 diligencias a personal policial especializado de Carabineros, quienes\npudieron determinar que el d\u00eda 01 de agosto el imputado concurrir\u00eda a adquirir\ndroga; procediendo a realizar una fiscalizaci\u00f3n al veh\u00edculo en el que se\nmovilizaba Escobar Santana. Diligencia en que se le detuvo junto a un segundo\nocupante del m\u00f3vil, Cesar Alvarez Pereira, quien cooper\u00f3 con el transporte con\nfines de movilizar droga en el interior del auto. En dicha diligencia el OS-7\nlogr\u00f3 incautar 201 gramos de pasta base que result\u00f3 tener una pureza de 29%.<\/p>\n\n\n\n<p>El mismo d\u00eda se procedi\u00f3 al\nallanamiento de dos domicilios en la mencionada comuna en cuyo interior se\nincaut\u00f3 evidencia que dej\u00f3 de manifiesto la dosificaci\u00f3n de la droga como pesas\ndigitales y bolsas pl\u00e1sticas, adem\u00e1s otras dosis de droga.<\/p>\n\n\n\n<p>Frente a estos medios de prueba, el\nJuez de Garant\u00eda conden\u00f3 a ambos imputados como coautores del delito de tr\u00e1fico\nde drogas determinando una sanci\u00f3n de tres a\u00f1os y un d\u00eda adem\u00e1s de una multa de\nuna Unidad Tributaria Mensual. En dicha audiencia se estableci\u00f3 la libertad\nvigilada intensiva por el mismo plazo en contra de C\u00e9sar Alvarez, mientras que en\nel caso de Giovanni Escobar la sanci\u00f3n deber\u00e1 ser cumplida de manera efectiva\nen la c\u00e1rcel de la capital regional. &nbsp;&nbsp;&nbsp;&nbsp;&nbsp;<\/p>\n","protected":false},"excerpt":{"rendered":"<p>La Fiscal\u00eda de Atacama consigui\u00f3 acreditar la autor\u00eda de un delito de tr\u00e1fico de drogas en contra de dos imputados, a quienes se indag\u00f3 por&hellip; <\/p>\n","protected":false},"author":2,"featured_media":21051,"comment_status":"open","ping_status":"closed","sticky":false,"template":"","format":"standard","meta":{"footnotes":""},"categories":[7,6],"tags":[],"class_list":["post-21050","post","type-post","status-publish","format-standard","has-post-thumbnail","hentry","category-atacama","category-policial"],"_links":{"self":[{"href":"https:\/\/www.radioamigavallenar.cl\/index.php?rest_route=\/wp\/v2\/posts\/21050","targetHints":{"allow":["GET"]}}],"collection":[{"href":"https:\/\/www.radioamigavallenar.cl\/index.php?rest_route=\/wp\/v2\/posts"}],"about":[{"href":"https:\/\/www.radioamigavallenar.cl\/index.php?rest_route=\/wp\/v2\/types\/post"}],"author":[{"embeddable":true,"href":"https:\/\/www.radioamigavallenar.cl\/index.php?rest_route=\/wp\/v2\/users\/2"}],"replies":[{"embeddable":true,"href":"https:\/\/www.radioamigavallenar.cl\/index.php?rest_route=%2Fwp%2Fv2%2Fcomments&post=21050"}],"version-history":[{"count":0,"href":"https:\/\/www.radioamigavallenar.cl\/index.php?rest_route=\/wp\/v2\/posts\/21050\/revisions"}],"wp:featuredmedia":[{"embeddable":true,"href":"https:\/\/www.radioamigavallenar.cl\/index.php?rest_route=\/wp\/v2\/media\/21051"}],"wp:attachment":[{"href":"https:\/\/www.radioamigavallenar.cl\/index.php?rest_route=%2Fwp%2Fv2%2Fmedia&parent=21050"}],"wp:term":[{"taxonomy":"category","embeddable":true,"href":"https:\/\/www.radioamigavallenar.cl\/index.php?rest_route=%2Fwp%2Fv2%2Fcategories&post=21050"},{"taxonomy":"post_tag","embeddable":true,"href":"https:\/\/www.radioamigavallenar.cl\/index.php?rest_route=%2Fwp%2Fv2%2Ftags&post=21050"}],"curies":[{"name":"wp","href":"https:\/\/api.w.org\/{rel}","templated":true}]}}