{"id":21047,"date":"2020-02-17T10:34:45","date_gmt":"2020-02-17T13:34:45","guid":{"rendered":"https:\/\/www.radioamigavallenar.cl\/?p=21047"},"modified":"2020-02-17T10:34:46","modified_gmt":"2020-02-17T13:34:46","slug":"nueva-ola-de-calor-afectara-a-la-zona-centro-del-pais","status":"publish","type":"post","link":"https:\/\/www.radioamigavallenar.cl\/?p=21047","title":{"rendered":"Nueva ola de calor afectar\u00e1  a la zona centro del pa\u00eds"},"content":{"rendered":"\n<div class=\"wp-block-image\"><figure class=\"aligncenter size-large is-resized\"><img loading=\"lazy\" decoding=\"async\" src=\"https:\/\/www.radioamigavallenar.cl\/wp-content\/uploads\/2020\/02\/images.jpg\" alt=\"\" class=\"wp-image-21048\" width=\"472\" height=\"306\"\/><\/figure><\/div>\n\n\n\n<p>Seg\u00fan la Direcci\u00f3n Meteorol\u00f3gica se sentir\u00e1 m\u00e1s calor de lo habitual durante los d\u00edas martes y mi\u00e9rcoles, especialmente en los sectores de los valles y la precordillera de la zona central.<\/p>\n\n\n\n<p>De acuerdo con la informaci\u00f3n entregada por la Direcci\u00f3n Meteorol\u00f3gica de Chile,<strong>&nbsp;durante esta semana se espera un \u00bbevento de altas temperaturas m\u00e1ximas\u00bb para las regiones de Coquimbo, Valpara\u00edso, Santiago, O\u2019Higgins y Maule.<\/strong><\/p>\n\n\n\n<p>Seg\u00fan el aviso, las altas temperaturas se percibir\u00e1n durante el d\u00eda martes 18 de febrero entre Coquimbo y O\u2019Higgins y el d\u00eda mi\u00e9rcoles 19 entre Valpara\u00edso y Maule.<\/p>\n\n\n\n<p>Cabe se\u00f1alar que, seg\u00fan se informa desde Meteorolog\u00eda, las temperaturas podr\u00edan alcanzar hasta los 36\u00b0 en algunas partes, principalmente en los sectores de los valles y precordilleranos de las regiones mencionadas.<\/p>\n\n\n\n<p>Es as\u00ed como San Felipe y Los Andes ser\u00e1n las ciudades donde los term\u00f3metros alcanzar\u00e1n las temperaturas m\u00e1s altas en la regi\u00f3n de Valpara\u00edso, llegando las m\u00e1ximas a 36\u00b0 el martes y 35\u00b0 el mi\u00e9rcoles.<\/p>\n\n\n\n<p>Para Santiago, se esperan m\u00e1ximas de 34\u00b0 tanto para el martes como para el mi\u00e9rcoles, mientras que en la regi\u00f3n de O\u2019Higgins, Rancagua alcanzar\u00e1 los 33\u00b0 en las mencionadas jornadas.<\/p>\n\n\n\n<p>En el Maule, en tanto, Talca tendr\u00e1 los d\u00edas m\u00e1s calurosos, con una m\u00e1xima de 32\u00b0 el martes 18 y 33\u00b0 para el mi\u00e9rcoles.<\/p>\n","protected":false},"excerpt":{"rendered":"<p>Seg\u00fan la Direcci\u00f3n Meteorol\u00f3gica se sentir\u00e1 m\u00e1s calor de lo habitual durante los d\u00edas martes y mi\u00e9rcoles, especialmente en los sectores de los valles y&hellip; <\/p>\n","protected":false},"author":2,"featured_media":21048,"comment_status":"open","ping_status":"closed","sticky":false,"template":"","format":"standard","meta":{"footnotes":""},"categories":[37],"tags":[],"class_list":["post-21047","post","type-post","status-publish","format-standard","has-post-thumbnail","hentry","category-nacional"],"_links":{"self":[{"href":"https:\/\/www.radioamigavallenar.cl\/index.php?rest_route=\/wp\/v2\/posts\/21047","targetHints":{"allow":["GET"]}}],"collection":[{"href":"https:\/\/www.radioamigavallenar.cl\/index.php?rest_route=\/wp\/v2\/posts"}],"about":[{"href":"https:\/\/www.radioamigavallenar.cl\/index.php?rest_route=\/wp\/v2\/types\/post"}],"author":[{"embeddable":true,"href":"https:\/\/www.radioamigavallenar.cl\/index.php?rest_route=\/wp\/v2\/users\/2"}],"replies":[{"embeddable":true,"href":"https:\/\/www.radioamigavallenar.cl\/index.php?rest_route=%2Fwp%2Fv2%2Fcomments&post=21047"}],"version-history":[{"count":0,"href":"https:\/\/www.radioamigavallenar.cl\/index.php?rest_route=\/wp\/v2\/posts\/21047\/revisions"}],"wp:featuredmedia":[{"embeddable":true,"href":"https:\/\/www.radioamigavallenar.cl\/index.php?rest_route=\/wp\/v2\/media\/21048"}],"wp:attachment":[{"href":"https:\/\/www.radioamigavallenar.cl\/index.php?rest_route=%2Fwp%2Fv2%2Fmedia&parent=21047"}],"wp:term":[{"taxonomy":"category","embeddable":true,"href":"https:\/\/www.radioamigavallenar.cl\/index.php?rest_route=%2Fwp%2Fv2%2Fcategories&post=21047"},{"taxonomy":"post_tag","embeddable":true,"href":"https:\/\/www.radioamigavallenar.cl\/index.php?rest_route=%2Fwp%2Fv2%2Ftags&post=21047"}],"curies":[{"name":"wp","href":"https:\/\/api.w.org\/{rel}","templated":true}]}}