{"id":21043,"date":"2020-02-17T00:47:42","date_gmt":"2020-02-17T03:47:42","guid":{"rendered":"https:\/\/www.radioamigavallenar.cl\/?p=21043"},"modified":"2020-02-17T00:47:43","modified_gmt":"2020-02-17T03:47:43","slug":"un-nuevo-accidente-en-las-ruta-de-atacama-en-salida-norte-de-copiapo","status":"publish","type":"post","link":"https:\/\/www.radioamigavallenar.cl\/?p=21043","title":{"rendered":"Un nuevo accidente en las ruta de Atacama, en salida norte de Copiap\u00f3."},"content":{"rendered":"\n<div class=\"wp-block-image\"><figure class=\"aligncenter size-large is-resized\"><img loading=\"lazy\" decoding=\"async\" src=\"https:\/\/www.radioamigavallenar.cl\/wp-content\/uploads\/2020\/02\/file_20200217003738.jpg\" alt=\"\" class=\"wp-image-21044\" width=\"493\" height=\"372\" srcset=\"https:\/\/www.radioamigavallenar.cl\/wp-content\/uploads\/2020\/02\/file_20200217003738.jpg 820w, https:\/\/www.radioamigavallenar.cl\/wp-content\/uploads\/2020\/02\/file_20200217003738-300x227.jpg 300w, https:\/\/www.radioamigavallenar.cl\/wp-content\/uploads\/2020\/02\/file_20200217003738-768x581.jpg 768w\" sizes=\"auto, (max-width: 493px) 100vw, 493px\" \/><\/figure><\/div>\n\n\n\n<p>Pasadas las 20:00 horas de este domingo a la salida norte de Copiap\u00f3 , en el sector By Pass Toledo , colisionaron un bus con un autom\u00f3vil.<\/p>\n\n\n\n<p>De acuerdo a las primeras informaciones habr\u00eda resultado una persona fallecida en el lugar, una atrapada&nbsp; y dos lesionadas, todas del veh\u00edculo menor . No se inform\u00f3 lesionados en el bus de pasajeros.<\/p>\n\n\n\n<p>Unidades de bomberos , carabineros y el Samu se hicieron presentes quienes a esta hora trabajan en el rescate y traslado de los heridos , como tambi\u00e9n en el control del tr\u00e1nsito .<\/p>\n\n\n\n<p><strong>El Fiscal de turno en&nbsp;Copiap\u00f3, Luis Miranda Flores, orden\u00f3 el trabajo investigativo de la Siat de Carabineros, adem\u00e1s de la concurrencia del SML; Se confirm\u00f3 el fallecimiento de una&nbsp; persona, ocupante del veh\u00edculo menor.<\/strong><\/p>\n\n\n\n<p>Es importante acotar que este by pass , de reciente construcci\u00f3n ,&nbsp; se ha transformado en protagonista de varios accidentes carreteros causando muchas muertes. Ya son reiterados los reclamos de los conductores por su dise\u00f1o y mala se\u00f1alizaci\u00f3n.<\/p>\n","protected":false},"excerpt":{"rendered":"<p>Pasadas las 20:00 horas de este domingo a la salida norte de Copiap\u00f3 , en el sector By Pass Toledo , colisionaron un bus con&hellip; <\/p>\n","protected":false},"author":2,"featured_media":21044,"comment_status":"open","ping_status":"closed","sticky":false,"template":"","format":"standard","meta":{"footnotes":""},"categories":[7],"tags":[],"class_list":["post-21043","post","type-post","status-publish","format-standard","has-post-thumbnail","hentry","category-atacama"],"_links":{"self":[{"href":"https:\/\/www.radioamigavallenar.cl\/index.php?rest_route=\/wp\/v2\/posts\/21043","targetHints":{"allow":["GET"]}}],"collection":[{"href":"https:\/\/www.radioamigavallenar.cl\/index.php?rest_route=\/wp\/v2\/posts"}],"about":[{"href":"https:\/\/www.radioamigavallenar.cl\/index.php?rest_route=\/wp\/v2\/types\/post"}],"author":[{"embeddable":true,"href":"https:\/\/www.radioamigavallenar.cl\/index.php?rest_route=\/wp\/v2\/users\/2"}],"replies":[{"embeddable":true,"href":"https:\/\/www.radioamigavallenar.cl\/index.php?rest_route=%2Fwp%2Fv2%2Fcomments&post=21043"}],"version-history":[{"count":0,"href":"https:\/\/www.radioamigavallenar.cl\/index.php?rest_route=\/wp\/v2\/posts\/21043\/revisions"}],"wp:featuredmedia":[{"embeddable":true,"href":"https:\/\/www.radioamigavallenar.cl\/index.php?rest_route=\/wp\/v2\/media\/21044"}],"wp:attachment":[{"href":"https:\/\/www.radioamigavallenar.cl\/index.php?rest_route=%2Fwp%2Fv2%2Fmedia&parent=21043"}],"wp:term":[{"taxonomy":"category","embeddable":true,"href":"https:\/\/www.radioamigavallenar.cl\/index.php?rest_route=%2Fwp%2Fv2%2Fcategories&post=21043"},{"taxonomy":"post_tag","embeddable":true,"href":"https:\/\/www.radioamigavallenar.cl\/index.php?rest_route=%2Fwp%2Fv2%2Ftags&post=21043"}],"curies":[{"name":"wp","href":"https:\/\/api.w.org\/{rel}","templated":true}]}}