{"id":21040,"date":"2020-02-17T00:24:20","date_gmt":"2020-02-17T03:24:20","guid":{"rendered":"https:\/\/www.radioamigavallenar.cl\/?p=21040"},"modified":"2020-02-17T00:24:22","modified_gmt":"2020-02-17T03:24:22","slug":"hasta-la-localidad-de-carrizal-bajo-llego-una-nueva-jornada-de-gobierno-en-terreno","status":"publish","type":"post","link":"https:\/\/www.radioamigavallenar.cl\/?p=21040","title":{"rendered":"Hasta la localidad de \u00bb Carrizal Bajo\u00bb llego una nueva jornada de Gobierno en Terreno"},"content":{"rendered":"\n<div class=\"wp-block-image\"><figure class=\"aligncenter size-large is-resized\"><img loading=\"lazy\" decoding=\"async\" src=\"https:\/\/www.radioamigavallenar.cl\/wp-content\/uploads\/2020\/02\/86392941_2788125041242720_399396701141467136_n-1.jpg\" alt=\"\" class=\"wp-image-21041\" width=\"515\" height=\"386\" srcset=\"https:\/\/www.radioamigavallenar.cl\/wp-content\/uploads\/2020\/02\/86392941_2788125041242720_399396701141467136_n-1.jpg 960w, https:\/\/www.radioamigavallenar.cl\/wp-content\/uploads\/2020\/02\/86392941_2788125041242720_399396701141467136_n-1-300x225.jpg 300w, https:\/\/www.radioamigavallenar.cl\/wp-content\/uploads\/2020\/02\/86392941_2788125041242720_399396701141467136_n-1-768x576.jpg 768w\" sizes=\"auto, (max-width: 515px) 100vw, 515px\" \/><\/figure><\/div>\n\n\n\n<p>Ua intensa y entretenida jornada de trabajo de\u00a0<a href=\"https:\/\/www.facebook.com\/hashtag\/gobiernoenterreno?source=feed_text&amp;epa=HASHTAG\">Gobierno en Terreno <\/a>sostuvo este viernes el equipo de la\u00a0<a href=\"https:\/\/www.facebook.com\/gobernacion.delhuasco.7?__tn__=%2CdK-R-R&amp;eid=ARAnRcBg2pNE9wHZzCO7zicBCL582ydwMdT3HByxz0EnDsDeAVIpYTGx6of4m8nye8uilmee5zsBIb0d&amp;fref=mentions\">Gobernaci\u00f3n Del Huasco<\/a>\u00a0en la localidad de Carrizal Bajo, en la comuna de Huasco.<\/p>\n\n\n\n<p>Encabezado por la gobernadora Nelly Galeb Bou, la jornada se inici\u00f3 con la entrega de 13 subsidios del Programa de Protecci\u00f3n al Patrimonio Familiar para el mejoramiento de viviendas, mediante la instalaci\u00f3n de equipos de eficiencia energ\u00e9tica, instancia que permiti\u00f3 adem\u00e1s establecer un interesante di\u00e1logo con la comunidad respecto de las principales demandas que tiene la poblaci\u00f3n.<\/p>\n\n\n\n<p>Feria de los servicios&nbsp;<\/p>\n\n\n\n<p>Luego en la zona de la playa se llev\u00f3 a efecto la atenci\u00f3n de los servicios y un entretenida sesi\u00f3n de baile entretenido a cargo de la Seremia de deportes y el programa Elige vivir sano que ha impulsado el gobierno.<\/p>\n\n\n\n<p>En la ocasi\u00f3n estuvieron junto a la gobernadora, los seremis del deporte\u00a0<a href=\"https:\/\/www.facebook.com\/willy.procurizanaim?__tn__=%2CdK-R-R&amp;eid=ARDjrFeCtIFs6nLkqSAl01LGXc-F3gpjfmCZ3E6s-ddRN7YhDD42gQtJnpITfK1bb4KB2W-_me7q95ix&amp;fref=mentions\">Guillermo Procuriza Naim<\/a>, el Seremi de Desarrollo Social y Familia, Luis Morales.<\/p>\n","protected":false},"excerpt":{"rendered":"<p>Ua intensa y entretenida jornada de trabajo de\u00a0Gobierno en Terreno sostuvo este viernes el equipo de la\u00a0Gobernaci\u00f3n Del Huasco\u00a0en la localidad de Carrizal Bajo, en&hellip; <\/p>\n","protected":false},"author":2,"featured_media":21041,"comment_status":"open","ping_status":"closed","sticky":false,"template":"","format":"standard","meta":{"footnotes":""},"categories":[4,1],"tags":[],"class_list":["post-21040","post","type-post","status-publish","format-standard","has-post-thumbnail","hentry","category-huasco","category-provincia-del-huasco-2"],"_links":{"self":[{"href":"https:\/\/www.radioamigavallenar.cl\/index.php?rest_route=\/wp\/v2\/posts\/21040","targetHints":{"allow":["GET"]}}],"collection":[{"href":"https:\/\/www.radioamigavallenar.cl\/index.php?rest_route=\/wp\/v2\/posts"}],"about":[{"href":"https:\/\/www.radioamigavallenar.cl\/index.php?rest_route=\/wp\/v2\/types\/post"}],"author":[{"embeddable":true,"href":"https:\/\/www.radioamigavallenar.cl\/index.php?rest_route=\/wp\/v2\/users\/2"}],"replies":[{"embeddable":true,"href":"https:\/\/www.radioamigavallenar.cl\/index.php?rest_route=%2Fwp%2Fv2%2Fcomments&post=21040"}],"version-history":[{"count":0,"href":"https:\/\/www.radioamigavallenar.cl\/index.php?rest_route=\/wp\/v2\/posts\/21040\/revisions"}],"wp:featuredmedia":[{"embeddable":true,"href":"https:\/\/www.radioamigavallenar.cl\/index.php?rest_route=\/wp\/v2\/media\/21041"}],"wp:attachment":[{"href":"https:\/\/www.radioamigavallenar.cl\/index.php?rest_route=%2Fwp%2Fv2%2Fmedia&parent=21040"}],"wp:term":[{"taxonomy":"category","embeddable":true,"href":"https:\/\/www.radioamigavallenar.cl\/index.php?rest_route=%2Fwp%2Fv2%2Fcategories&post=21040"},{"taxonomy":"post_tag","embeddable":true,"href":"https:\/\/www.radioamigavallenar.cl\/index.php?rest_route=%2Fwp%2Fv2%2Ftags&post=21040"}],"curies":[{"name":"wp","href":"https:\/\/api.w.org\/{rel}","templated":true}]}}