{"id":20969,"date":"2020-02-14T00:00:00","date_gmt":"2020-02-14T03:00:00","guid":{"rendered":"https:\/\/www.radioamigavallenar.cl\/?p=20969"},"modified":"2020-02-14T10:23:53","modified_gmt":"2020-02-14T13:23:53","slug":"aja-el-precio-de-todos-los-combustibles-desde-este-jueves-informo-enap","status":"publish","type":"post","link":"https:\/\/www.radioamigavallenar.cl\/?p=20969","title":{"rendered":"Baja el precio de todos los combustibles desde ayer jueves inform\u00f3 ENAP"},"content":{"rendered":"\n<div class=\"wp-block-image\"><figure class=\"aligncenter size-large is-resized\"><img loading=\"lazy\" decoding=\"async\" src=\"https:\/\/www.radioamigavallenar.cl\/wp-content\/uploads\/2020\/02\/foto_0000000120170322173827-1.jpg\" alt=\"\" class=\"wp-image-20970\" width=\"510\" height=\"255\"\/><\/figure><\/div>\n\n\n\n<p> La&nbsp;<strong>Empresa Nacional del Petr\u00f3leo<\/strong>&nbsp;(ENAP) inform\u00f3 que&nbsp;<strong>desde este jueves cae el precio de todos los combustibles<\/strong>&nbsp;derivados del petr\u00f3leo en el pa\u00eds. <\/p>\n\n\n\n<p>Esta semana registraron&nbsp;<strong>una ca\u00edda de $6 por litro<\/strong>&nbsp;tanto las&nbsp;<strong>gasolinas de 93 y 97 octanos<\/strong>, como tambi\u00e9n el&nbsp;<strong>di\u00e9sel<\/strong>&nbsp;y el&nbsp;<strong>gas licuado<\/strong>&nbsp;para uso vehicular.<\/p>\n\n\n\n<p>Esta ser\u00eda la tercera semana consecutiva en la que disminuye el precio de los combustibles. El gobierno ofrece&nbsp;<a href=\"http:\/\/www.bencinaenlinea.cl\/web2\/\" target=\"_blank\" rel=\"noreferrer noopener\">una herramienta en l\u00ednea<\/a>&nbsp;para comparar los precios de las distintas bencineras.<\/p>\n","protected":false},"excerpt":{"rendered":"<p>La&nbsp;Empresa Nacional del Petr\u00f3leo&nbsp;(ENAP) inform\u00f3 que&nbsp;desde este jueves cae el precio de todos los combustibles&nbsp;derivados del petr\u00f3leo en el pa\u00eds. Esta semana registraron&nbsp;una ca\u00edda de&hellip; <\/p>\n","protected":false},"author":2,"featured_media":0,"comment_status":"open","ping_status":"closed","sticky":false,"template":"","format":"standard","meta":{"footnotes":""},"categories":[37],"tags":[],"class_list":["post-20969","post","type-post","status-publish","format-standard","hentry","category-nacional"],"_links":{"self":[{"href":"https:\/\/www.radioamigavallenar.cl\/index.php?rest_route=\/wp\/v2\/posts\/20969","targetHints":{"allow":["GET"]}}],"collection":[{"href":"https:\/\/www.radioamigavallenar.cl\/index.php?rest_route=\/wp\/v2\/posts"}],"about":[{"href":"https:\/\/www.radioamigavallenar.cl\/index.php?rest_route=\/wp\/v2\/types\/post"}],"author":[{"embeddable":true,"href":"https:\/\/www.radioamigavallenar.cl\/index.php?rest_route=\/wp\/v2\/users\/2"}],"replies":[{"embeddable":true,"href":"https:\/\/www.radioamigavallenar.cl\/index.php?rest_route=%2Fwp%2Fv2%2Fcomments&post=20969"}],"version-history":[{"count":0,"href":"https:\/\/www.radioamigavallenar.cl\/index.php?rest_route=\/wp\/v2\/posts\/20969\/revisions"}],"wp:attachment":[{"href":"https:\/\/www.radioamigavallenar.cl\/index.php?rest_route=%2Fwp%2Fv2%2Fmedia&parent=20969"}],"wp:term":[{"taxonomy":"category","embeddable":true,"href":"https:\/\/www.radioamigavallenar.cl\/index.php?rest_route=%2Fwp%2Fv2%2Fcategories&post=20969"},{"taxonomy":"post_tag","embeddable":true,"href":"https:\/\/www.radioamigavallenar.cl\/index.php?rest_route=%2Fwp%2Fv2%2Ftags&post=20969"}],"curies":[{"name":"wp","href":"https:\/\/api.w.org\/{rel}","templated":true}]}}