{"id":20935,"date":"2020-02-13T00:00:00","date_gmt":"2020-02-13T03:00:00","guid":{"rendered":"https:\/\/www.radioamigavallenar.cl\/?p=20935"},"modified":"2020-02-12T22:56:43","modified_gmt":"2020-02-13T01:56:43","slug":"adultos-mayores-conocieron-modificaciones-a-sus-pensiones-del-pilar-solidario","status":"publish","type":"post","link":"https:\/\/www.radioamigavallenar.cl\/?p=20935","title":{"rendered":"Adultos mayores conocieron modificaciones a sus pensiones del Pilar Solidario"},"content":{"rendered":"\n<div class=\"wp-block-image\"><figure class=\"aligncenter size-large is-resized\"><img loading=\"lazy\" decoding=\"async\" src=\"https:\/\/www.radioamigavallenar.cl\/wp-content\/uploads\/2020\/02\/chanaral_0-1.png\" alt=\"\" class=\"wp-image-20936\" width=\"439\" height=\"313\" srcset=\"https:\/\/www.radioamigavallenar.cl\/wp-content\/uploads\/2020\/02\/chanaral_0-1.png 400w, https:\/\/www.radioamigavallenar.cl\/wp-content\/uploads\/2020\/02\/chanaral_0-1-300x214.png 300w\" sizes=\"auto, (max-width: 439px) 100vw, 439px\" \/><\/figure><\/div>\n\n\n\n<p>Un grupo de adultos mayores pertenecientes al programa de v\u00ednculos, recibieron a la Seremi del Trabajo y Previsi\u00f3n Social, Pamela Orellana Pati\u00f1o, para entender y aclarar las dudas, en relaci\u00f3n a la modificaci\u00f3n de las pensiones del Pilar Solidario.<\/p>\n\n\n\n<p>\u201cEn diciembre vivimos un hito hist\u00f3rico en materia de pensiones, las que se ven aumentadas hasta en un 50% para nuestros actuales y futuros pensionados. Por lo que creemos muy importante contar esta positiva noticia a todos los adultos mayores de las diversas partes de nuestro pa\u00eds\u201d, coment\u00f3 a los adultos la propia seremi de la cartera.<\/p>\n\n\n\n<p>La Jefa de Sucursal IPS Cha\u00f1aral, Carla Romero, a\u00f1adi\u00f3 a Atacama Noticias que, es sumamente importante la visita de las autoridades en nuestras ciudades porque tener a las autoridades cerca y poder hacerles preguntas para ellos es muy relevante\u201d.<\/p>\n\n\n\n<p>Los presentes en la actividad se mostraron conformes con el aumento y con la presencia de las autoridades en la zona, m\u00e1s a\u00fan con la situaci\u00f3n que vive el pa\u00eds.<\/p>\n","protected":false},"excerpt":{"rendered":"<p>Un grupo de adultos mayores pertenecientes al programa de v\u00ednculos, recibieron a la Seremi del Trabajo y Previsi\u00f3n Social, Pamela Orellana Pati\u00f1o, para entender y&hellip; <\/p>\n","protected":false},"author":2,"featured_media":20936,"comment_status":"open","ping_status":"closed","sticky":false,"template":"","format":"standard","meta":{"footnotes":""},"categories":[7],"tags":[],"class_list":["post-20935","post","type-post","status-publish","format-standard","has-post-thumbnail","hentry","category-atacama"],"_links":{"self":[{"href":"https:\/\/www.radioamigavallenar.cl\/index.php?rest_route=\/wp\/v2\/posts\/20935","targetHints":{"allow":["GET"]}}],"collection":[{"href":"https:\/\/www.radioamigavallenar.cl\/index.php?rest_route=\/wp\/v2\/posts"}],"about":[{"href":"https:\/\/www.radioamigavallenar.cl\/index.php?rest_route=\/wp\/v2\/types\/post"}],"author":[{"embeddable":true,"href":"https:\/\/www.radioamigavallenar.cl\/index.php?rest_route=\/wp\/v2\/users\/2"}],"replies":[{"embeddable":true,"href":"https:\/\/www.radioamigavallenar.cl\/index.php?rest_route=%2Fwp%2Fv2%2Fcomments&post=20935"}],"version-history":[{"count":0,"href":"https:\/\/www.radioamigavallenar.cl\/index.php?rest_route=\/wp\/v2\/posts\/20935\/revisions"}],"wp:featuredmedia":[{"embeddable":true,"href":"https:\/\/www.radioamigavallenar.cl\/index.php?rest_route=\/wp\/v2\/media\/20936"}],"wp:attachment":[{"href":"https:\/\/www.radioamigavallenar.cl\/index.php?rest_route=%2Fwp%2Fv2%2Fmedia&parent=20935"}],"wp:term":[{"taxonomy":"category","embeddable":true,"href":"https:\/\/www.radioamigavallenar.cl\/index.php?rest_route=%2Fwp%2Fv2%2Fcategories&post=20935"},{"taxonomy":"post_tag","embeddable":true,"href":"https:\/\/www.radioamigavallenar.cl\/index.php?rest_route=%2Fwp%2Fv2%2Ftags&post=20935"}],"curies":[{"name":"wp","href":"https:\/\/api.w.org\/{rel}","templated":true}]}}