{"id":20890,"date":"2020-02-12T00:00:00","date_gmt":"2020-02-12T03:00:00","guid":{"rendered":"https:\/\/www.radioamigavallenar.cl\/?p=20890"},"modified":"2020-02-11T23:02:36","modified_gmt":"2020-02-12T02:02:36","slug":"entregan-bidones-de-agua-a-afectados-por-aluvion-en-alto-del-carmen","status":"publish","type":"post","link":"https:\/\/www.radioamigavallenar.cl\/?p=20890","title":{"rendered":"Entregan bidones de agua a afectados por aluvi\u00f3n en Alto del Carmen"},"content":{"rendered":"\n<div class=\"wp-block-image\"><figure class=\"aligncenter size-large is-resized\"><img loading=\"lazy\" decoding=\"async\" src=\"https:\/\/www.radioamigavallenar.cl\/wp-content\/uploads\/2020\/02\/85048461_10156640461391050_5787117463812440064_n-scaled-1.jpg\" alt=\"\" class=\"wp-image-20891\" width=\"504\" height=\"378\" srcset=\"https:\/\/www.radioamigavallenar.cl\/wp-content\/uploads\/2020\/02\/85048461_10156640461391050_5787117463812440064_n-scaled-1.jpg 900w, https:\/\/www.radioamigavallenar.cl\/wp-content\/uploads\/2020\/02\/85048461_10156640461391050_5787117463812440064_n-scaled-1-300x225.jpg 300w, https:\/\/www.radioamigavallenar.cl\/wp-content\/uploads\/2020\/02\/85048461_10156640461391050_5787117463812440064_n-scaled-1-768x576.jpg 768w\" sizes=\"auto, (max-width: 504px) 100vw, 504px\" \/><\/figure><\/div>\n\n\n\n<p>Hasta la comuna de Alto del Carmen, se traslad\u00f3 el Alcalde de Cha\u00f1aral, Ra\u00fal Salas Aguilera, en compa\u00f1\u00eda de los concejales, Renato C\u00e1ceres, Sebasti\u00e1n Gonz\u00e1lez y John Silva para entregar un total de 742 bidones de agua en ayuda para los habitantes de la localidad de El Tr\u00e1nsito, que resultara afectada luego del alud del pasado lunes 27 de enero.<\/p>\n\n\n\n<p>La alcaldesa Alto del Carmen, Carmen Bou Bou, agradeci\u00f3 este notable gesto de la comuna de Cha\u00f1aral, en especial del Alcalde Salas Aguilera y los concejales, quienes llegaron personalmente a entregar el agua que es muy requerida en estos momentos por los vecinos y vecinas de El Tr\u00e1nsito.<\/p>\n\n\n\n<p>Por su parte, Ra\u00fal Salas Aguilera, primero mostr\u00f3 su agradecimiento a los vecinos de Cha\u00f1aral quienes se sumaron a la campa\u00f1a solidaria, para entregar este significativo aporte a la alcaldesa Carmen Bou Bou, para que sea distribuido a los habitantes que m\u00e1s lo requieran.<\/p>\n\n\n\n<p>Cabe destacar tambi\u00e9n, que la oportunidad fue precisa para que ambos municipios firmaran un convenio de colaboraci\u00f3n que tiene entre sus l\u00edneas intercambios culturales, de educaci\u00f3n y todo lo necesario para comenzar a trabajar como comunas de la regi\u00f3n de Atacama, pensando siempre en el bienestar de los vecinos y vecinas de Cha\u00f1aral y Alto del Carmen.<\/p>\n","protected":false},"excerpt":{"rendered":"<p>Hasta la comuna de Alto del Carmen, se traslad\u00f3 el Alcalde de Cha\u00f1aral, Ra\u00fal Salas Aguilera, en compa\u00f1\u00eda de los concejales, Renato C\u00e1ceres, Sebasti\u00e1n Gonz\u00e1lez&hellip; <\/p>\n","protected":false},"author":2,"featured_media":20891,"comment_status":"open","ping_status":"closed","sticky":false,"template":"","format":"standard","meta":{"footnotes":""},"categories":[5,7],"tags":[],"class_list":["post-20890","post","type-post","status-publish","format-standard","has-post-thumbnail","hentry","category-alto-del-carmen","category-atacama"],"_links":{"self":[{"href":"https:\/\/www.radioamigavallenar.cl\/index.php?rest_route=\/wp\/v2\/posts\/20890","targetHints":{"allow":["GET"]}}],"collection":[{"href":"https:\/\/www.radioamigavallenar.cl\/index.php?rest_route=\/wp\/v2\/posts"}],"about":[{"href":"https:\/\/www.radioamigavallenar.cl\/index.php?rest_route=\/wp\/v2\/types\/post"}],"author":[{"embeddable":true,"href":"https:\/\/www.radioamigavallenar.cl\/index.php?rest_route=\/wp\/v2\/users\/2"}],"replies":[{"embeddable":true,"href":"https:\/\/www.radioamigavallenar.cl\/index.php?rest_route=%2Fwp%2Fv2%2Fcomments&post=20890"}],"version-history":[{"count":0,"href":"https:\/\/www.radioamigavallenar.cl\/index.php?rest_route=\/wp\/v2\/posts\/20890\/revisions"}],"wp:featuredmedia":[{"embeddable":true,"href":"https:\/\/www.radioamigavallenar.cl\/index.php?rest_route=\/wp\/v2\/media\/20891"}],"wp:attachment":[{"href":"https:\/\/www.radioamigavallenar.cl\/index.php?rest_route=%2Fwp%2Fv2%2Fmedia&parent=20890"}],"wp:term":[{"taxonomy":"category","embeddable":true,"href":"https:\/\/www.radioamigavallenar.cl\/index.php?rest_route=%2Fwp%2Fv2%2Fcategories&post=20890"},{"taxonomy":"post_tag","embeddable":true,"href":"https:\/\/www.radioamigavallenar.cl\/index.php?rest_route=%2Fwp%2Fv2%2Ftags&post=20890"}],"curies":[{"name":"wp","href":"https:\/\/api.w.org\/{rel}","templated":true}]}}