{"id":20858,"date":"2020-02-11T00:06:02","date_gmt":"2020-02-11T03:06:02","guid":{"rendered":"https:\/\/www.radioamigavallenar.cl\/?p=20858"},"modified":"2020-02-11T00:06:03","modified_gmt":"2020-02-11T03:06:03","slug":"subsecretaria-de-la-ninez-y-municipalidad-de-alto-del-carmen-efectuan-en-conjunto-taller-recreativo-para-ninos-y-ninas-de-el-transito","status":"publish","type":"post","link":"https:\/\/www.radioamigavallenar.cl\/?p=20858","title":{"rendered":"Subsecretar\u00eda de la Ni\u00f1ez y Municipalidad de Alto del Carmen efect\u00faan en conjunto taller recreativo para ni\u00f1os y ni\u00f1as de El Tr\u00e1nsito"},"content":{"rendered":"\n<figure class=\"wp-block-image size-large\"><img loading=\"lazy\" decoding=\"async\" width=\"1024\" height=\"768\" src=\"https:\/\/www.radioamigavallenar.cl\/wp-content\/uploads\/2020\/02\/EP8r1iWX0AAORpg-1024x768.jpg\" alt=\"\" class=\"wp-image-20859\" srcset=\"https:\/\/www.radioamigavallenar.cl\/wp-content\/uploads\/2020\/02\/EP8r1iWX0AAORpg-1024x768.jpg 1024w, https:\/\/www.radioamigavallenar.cl\/wp-content\/uploads\/2020\/02\/EP8r1iWX0AAORpg-300x225.jpg 300w, https:\/\/www.radioamigavallenar.cl\/wp-content\/uploads\/2020\/02\/EP8r1iWX0AAORpg-768x576.jpg 768w, https:\/\/www.radioamigavallenar.cl\/wp-content\/uploads\/2020\/02\/EP8r1iWX0AAORpg-1536x1152.jpg 1536w, https:\/\/www.radioamigavallenar.cl\/wp-content\/uploads\/2020\/02\/EP8r1iWX0AAORpg.jpg 2048w\" sizes=\"auto, (max-width: 1024px) 100vw, 1024px\" \/><\/figure>\n\n\n\n<p>En b\u00fasqueda de aliviar el sufrimiento de ni\u00f1os y ni\u00f1as afectados por el aluvi\u00f3n del 27 de enero en la localidad de El Tr\u00e1nsito, el Ministerio de Desarrollo Social y Familia, a trav\u00e9s de la Subsecretar\u00eda de la Ni\u00f1ez en conjunto con la Municipalidad de Alto del Carmen, realizaron un taller recreativo mediante el libro&nbsp;<em>\u00c9rase una Vez unos Valientes&nbsp;<\/em>del Subsistema Chile Crece Contigo, el cual da especial \u00e9nfasis al tratamiento de traumas infantiles y promoci\u00f3n de la resiliencia.<\/p>\n\n\n\n<p>Este cuento, explica a ni\u00f1os y ni\u00f1as de manera muy sencilla, por qu\u00e9 se producen algunas cat\u00e1strofes naturales como los terremotos, aluviones y tsunamis, c\u00f3mo se viven y c\u00f3mo se recuerdan. Adem\u00e1s permite, escribir, dibujar y hablar para ayudarles a desarrollar la resiliencia con la ayuda, en esta oportunidad, de la encargada regional Subsecretaria de la Ni\u00f1ez, Nathaly Rojas; la personal de apoyo, Gladys Araya y Glen Huenchull\u00e1n, psic\u00f3logo de CESFAM Alto del Carmen.<\/p>\n\n\n\n<p>Al respecto de esta actividad, el seremi de Desarrollo Social y Familia, Luis Morales Vergara, sostuvo que \u201cpara el Presidente Sebasti\u00e1n Pi\u00f1era los ni\u00f1os y ni\u00f1as son un pilar fundamental dentro de nuestras pol\u00edticas de gobierno. Por ello, este tipo de iniciativas nos permiten compartir de una manera m\u00e1s cercana y entregarles todo el apoyo tras la fuerte experiencia que vivieron semanas atr\u00e1s. Ahora solo nos queda replicar esta actividad en otros puntos de afectaci\u00f3n y poder seguir trabajando con los menores que viven en la localidad de El Tr\u00e1nsito\u201d.<\/p>\n\n\n\n<p>En esta misma l\u00ednea, la alcaldesa de Alto del Carmen, Carmen Bou, se\u00f1al\u00f3 que \u201cestamos muy agradecidos de la ayuda entregada a nuestros ni\u00f1os de El Tr\u00e1nsito, a quienes les regalaron una agradable y entretenida tarde, d\u00e1ndoles contenci\u00f3n y explic\u00e1ndoles lo que es un aluvi\u00f3n. Actividades como esta posibilitaron que nuestros ni\u00f1os y ni\u00f1as tuvieran contenci\u00f3n, recreaci\u00f3n y volvieran a ser ni\u00f1os, lo que permite ayudarles a superar los dif\u00edciles momentos vividos juntos a sus padres y familiares\u00bb.<\/p>\n\n\n\n<p>Por su parte, Estefan\u00eda Pallauta Villegas, madre de uno de los participantes, se refiri\u00f3 a la importancia de crear este tipo de instancias en estos momentos. \u201cEs algo diferente dentro de todo lo que ha pasado, o sea, algo bueno. Por eso yo traje a mis hijos, para que as\u00ed puedan salir de la rutina y dejar de ver todo lo que dej\u00f3 la cat\u00e1strofe, ya que son muchas las casas, familias y lugares que quedaron muy afectados. Por ello, considero algo muy bueno lo que est\u00e1n haciendo con esta intervenci\u00f3n.<\/p>\n\n\n\n<p>Glen Huenchull\u00e1n, psic\u00f3logo CESFAM Alto del Carmen, coment\u00f3 el diagn\u00f3stico de la actividad y entreg\u00f3 comentarios positivos sobre lo ejecutado. \u201cEn cuanto a la pesquisa de patolog\u00edas o estr\u00e9s postraum\u00e1tico, no se notaron mayores indicadores. Sin embargo, hay un par de ni\u00f1os, que ya tenemos anotados sus datos, para hacer controles o visitas personalizadas para ir indagando m\u00e1s a fondo, pero en general se vieron bastante normal y positivos\u201d.<\/p>\n","protected":false},"excerpt":{"rendered":"<p>En b\u00fasqueda de aliviar el sufrimiento de ni\u00f1os y ni\u00f1as afectados por el aluvi\u00f3n del 27 de enero en la localidad de El Tr\u00e1nsito, el&hellip; <\/p>\n","protected":false},"author":2,"featured_media":20859,"comment_status":"open","ping_status":"closed","sticky":false,"template":"","format":"standard","meta":{"footnotes":""},"categories":[5,7],"tags":[],"class_list":["post-20858","post","type-post","status-publish","format-standard","has-post-thumbnail","hentry","category-alto-del-carmen","category-atacama"],"_links":{"self":[{"href":"https:\/\/www.radioamigavallenar.cl\/index.php?rest_route=\/wp\/v2\/posts\/20858","targetHints":{"allow":["GET"]}}],"collection":[{"href":"https:\/\/www.radioamigavallenar.cl\/index.php?rest_route=\/wp\/v2\/posts"}],"about":[{"href":"https:\/\/www.radioamigavallenar.cl\/index.php?rest_route=\/wp\/v2\/types\/post"}],"author":[{"embeddable":true,"href":"https:\/\/www.radioamigavallenar.cl\/index.php?rest_route=\/wp\/v2\/users\/2"}],"replies":[{"embeddable":true,"href":"https:\/\/www.radioamigavallenar.cl\/index.php?rest_route=%2Fwp%2Fv2%2Fcomments&post=20858"}],"version-history":[{"count":0,"href":"https:\/\/www.radioamigavallenar.cl\/index.php?rest_route=\/wp\/v2\/posts\/20858\/revisions"}],"wp:featuredmedia":[{"embeddable":true,"href":"https:\/\/www.radioamigavallenar.cl\/index.php?rest_route=\/wp\/v2\/media\/20859"}],"wp:attachment":[{"href":"https:\/\/www.radioamigavallenar.cl\/index.php?rest_route=%2Fwp%2Fv2%2Fmedia&parent=20858"}],"wp:term":[{"taxonomy":"category","embeddable":true,"href":"https:\/\/www.radioamigavallenar.cl\/index.php?rest_route=%2Fwp%2Fv2%2Fcategories&post=20858"},{"taxonomy":"post_tag","embeddable":true,"href":"https:\/\/www.radioamigavallenar.cl\/index.php?rest_route=%2Fwp%2Fv2%2Ftags&post=20858"}],"curies":[{"name":"wp","href":"https:\/\/api.w.org\/{rel}","templated":true}]}}