{"id":20855,"date":"2020-02-11T00:00:00","date_gmt":"2020-02-11T03:00:00","guid":{"rendered":"https:\/\/www.radioamigavallenar.cl\/?p=20855"},"modified":"2020-02-10T23:14:05","modified_gmt":"2020-02-11T02:14:05","slug":"se-lleva-a-cabo-operativo-de-limpieza-del-futuro-santuario-de-la-naturaleza-en-carrizal-bajo","status":"publish","type":"post","link":"https:\/\/www.radioamigavallenar.cl\/?p=20855","title":{"rendered":"Se lleva a cabo operativo de limpieza del futuro Santuario de la Naturaleza en  Carrizal Bajo"},"content":{"rendered":"\n<div class=\"wp-block-image\"><figure class=\"aligncenter size-large\"><img loading=\"lazy\" decoding=\"async\" width=\"512\" height=\"341\" src=\"https:\/\/www.radioamigavallenar.cl\/wp-content\/uploads\/2020\/02\/unnamed-3.jpg\" alt=\"\" class=\"wp-image-20856\" srcset=\"https:\/\/www.radioamigavallenar.cl\/wp-content\/uploads\/2020\/02\/unnamed-3.jpg 512w, https:\/\/www.radioamigavallenar.cl\/wp-content\/uploads\/2020\/02\/unnamed-3-300x200.jpg 300w\" sizes=\"auto, (max-width: 512px) 100vw, 512px\" \/><\/figure><\/div>\n\n\n\n<p><strong>Autoridades y voluntarios se reunieron en el Humedal de Carrizal Bajo y pr\u00f3ximo Santuario de la Naturaleza, para realizar un operativo de limpieza con el objetivo de preservar la flora y fauna que habita en ese lugar.<\/strong><\/p>\n\n\n\n<p>El operativo de limpieza form\u00f3 parte de las actividades programadas para el D\u00eda Mundial de los Humedales, y fue organizada por la Seremi del Medio Ambiente de Atacama y la Municipalidad de Huasco, con el apoyo de CONAF, la ONG Nativos y la Gobernaci\u00f3n de Huasco.<\/p>\n\n\n\n<p>La actividad de limpieza tuvo por objeto preservar la flora y fauna del lugar, principalmente aves, y cuya conservaci\u00f3n es parte del Plan Regional Atacama.<\/p>\n\n\n\n<p>En la actividad, particip\u00f3 el Seremi del Medio Ambiente, Guillermo Ready, el Director Regional de CONAF, H\u00e9ctor Soto, la ONG Nativos, el Concejero Comunal Daniel D\u00edaz, funcionarios de la Municipalidad de Huasco, y una gran cantidad de personas voluntarias de la comunidad de Carrizal Bajo, e incluso algunos que se encontraban veraneando en la playa.<\/p>\n\n\n\n<p>En la ocasi\u00f3n, las autoridades regionales y los voluntarios recogieron todos los residuos como: bolsas y botellas pl\u00e1sticas, papeles, cartones, neum\u00e1ticos que se encontraron, en un entorno donde es posible apreciar cisnes, como el cisne de cuello negro y cisne coscoroba, flamencos, variadas especies de patos, taguas y otras aves migratorias que nidifican en estos humedales, adem\u00e1s de reptiles, mam\u00edferos y roedores.<\/p>\n\n\n\n<p>Por su parte, el Seremi del Medio Ambiente, Guillermo Ready, destac\u00f3 que \u201cel Humedal de Carrizal Bajo y futuro Santuario de la Naturaleza, ya que as\u00ed fue declarado por el Consejo de Ministro para la Sustentabilidad, se ha convertido en uno de los humedales costeros m\u00e1s importante de la Regi\u00f3n de Atacama, en lo que se refiere a abundancia y diversidad, principalmente de avifauna.&nbsp; Adem\u00e1s, su protecci\u00f3n est\u00e1 considerado en el Plan Regional de Atacama y en el Plan Nacional de Protecci\u00f3n de Humedales 2018-2022, impulsado por el Ministerio del Medio Ambiente\u201d.<\/p>\n\n\n\n<p>\u201cCabe destacar que los humedales costeros son ecosistemas altamente vulnerables, particularmente frente a factores de amenaza como las pr\u00e1cticas no sustentables y el cambio clim\u00e1tico. La mayor\u00eda de ellos se encuentran en una condici\u00f3n cr\u00edtica; hay una disminuci\u00f3n del recurso h\u00eddrico, detect\u00e1ndose p\u00e9rdida o disminuci\u00f3n de la poblaci\u00f3n de especies nativas y de anfibios\u201d concluy\u00f3 la Autoridad Ambiental.<\/p>\n\n\n\n<p><\/p>\n","protected":false},"excerpt":{"rendered":"<p>Autoridades y voluntarios se reunieron en el Humedal de Carrizal Bajo y pr\u00f3ximo Santuario de la Naturaleza, para realizar un operativo de limpieza con el&hellip; <\/p>\n","protected":false},"author":2,"featured_media":20856,"comment_status":"open","ping_status":"closed","sticky":false,"template":"","format":"standard","meta":{"footnotes":""},"categories":[7,4],"tags":[],"class_list":["post-20855","post","type-post","status-publish","format-standard","has-post-thumbnail","hentry","category-atacama","category-huasco"],"_links":{"self":[{"href":"https:\/\/www.radioamigavallenar.cl\/index.php?rest_route=\/wp\/v2\/posts\/20855","targetHints":{"allow":["GET"]}}],"collection":[{"href":"https:\/\/www.radioamigavallenar.cl\/index.php?rest_route=\/wp\/v2\/posts"}],"about":[{"href":"https:\/\/www.radioamigavallenar.cl\/index.php?rest_route=\/wp\/v2\/types\/post"}],"author":[{"embeddable":true,"href":"https:\/\/www.radioamigavallenar.cl\/index.php?rest_route=\/wp\/v2\/users\/2"}],"replies":[{"embeddable":true,"href":"https:\/\/www.radioamigavallenar.cl\/index.php?rest_route=%2Fwp%2Fv2%2Fcomments&post=20855"}],"version-history":[{"count":0,"href":"https:\/\/www.radioamigavallenar.cl\/index.php?rest_route=\/wp\/v2\/posts\/20855\/revisions"}],"wp:featuredmedia":[{"embeddable":true,"href":"https:\/\/www.radioamigavallenar.cl\/index.php?rest_route=\/wp\/v2\/media\/20856"}],"wp:attachment":[{"href":"https:\/\/www.radioamigavallenar.cl\/index.php?rest_route=%2Fwp%2Fv2%2Fmedia&parent=20855"}],"wp:term":[{"taxonomy":"category","embeddable":true,"href":"https:\/\/www.radioamigavallenar.cl\/index.php?rest_route=%2Fwp%2Fv2%2Fcategories&post=20855"},{"taxonomy":"post_tag","embeddable":true,"href":"https:\/\/www.radioamigavallenar.cl\/index.php?rest_route=%2Fwp%2Fv2%2Ftags&post=20855"}],"curies":[{"name":"wp","href":"https:\/\/api.w.org\/{rel}","templated":true}]}}