{"id":20843,"date":"2020-02-11T00:00:00","date_gmt":"2020-02-11T03:00:00","guid":{"rendered":"https:\/\/www.radioamigavallenar.cl\/?p=20843"},"modified":"2020-02-11T00:11:23","modified_gmt":"2020-02-11T03:11:23","slug":"positivo-balance-de-una-nueva-la-version-del-festival-el-camaron-de-freirina","status":"publish","type":"post","link":"https:\/\/www.radioamigavallenar.cl\/?p=20843","title":{"rendered":"Positivo balance de una nueva  versi\u00f3n del festival \u201cEl Camaron\u201d de Freirina"},"content":{"rendered":"\n<div class=\"wp-block-image\"><figure class=\"aligncenter size-large\"><img loading=\"lazy\" decoding=\"async\" width=\"1024\" height=\"683\" src=\"https:\/\/www.radioamigavallenar.cl\/wp-content\/uploads\/2020\/02\/85201601_1086018331735501_3262425688816222208_o-1024x683.jpg\" alt=\"\" class=\"wp-image-20844\" srcset=\"https:\/\/www.radioamigavallenar.cl\/wp-content\/uploads\/2020\/02\/85201601_1086018331735501_3262425688816222208_o-1024x683.jpg 1024w, https:\/\/www.radioamigavallenar.cl\/wp-content\/uploads\/2020\/02\/85201601_1086018331735501_3262425688816222208_o-300x200.jpg 300w, https:\/\/www.radioamigavallenar.cl\/wp-content\/uploads\/2020\/02\/85201601_1086018331735501_3262425688816222208_o-768x512.jpg 768w, https:\/\/www.radioamigavallenar.cl\/wp-content\/uploads\/2020\/02\/85201601_1086018331735501_3262425688816222208_o.jpg 1080w\" sizes=\"auto, (max-width: 1024px) 100vw, 1024px\" \/><\/figure><\/div>\n\n\n\n<p>Una evaluaci\u00f3n bastante positiva surgi\u00f3 de la Comisi\u00f3n Organizadora de la vig\u00e9simo s\u00e9ptima versi\u00f3n del Festival Nacional El Camar\u00f3n de Freirina, tras culminar la segunda jornada que permiti\u00f3 entregar el premio Camar\u00f3n 2020 y cumplir de esta manera con la propuesta de tener este a\u00f1o, una nueva versi\u00f3n de uno de los festivales m\u00e1s antiguos de Atacama.<\/p>\n\n\n\n<p>Un reconocimiento a la orquesta festival que por segundo a\u00f1o consecutivo acompa\u00f1a esta fiesta de verano con m\u00e1s de 10 m\u00fasicos en escena. Al igual que el alto inter\u00e9s de medios de comunicaci\u00f3n, principalmente radios de Vallenar y Huasco, que dan tribuna al Festival de la gente de Freirina.<\/p>\n\n\n\n<p>Al respecto el Alcalde C\u00e9sar Orellana valor\u00f3 el trabajo de producci\u00f3n, al igual que el apoyo de los funcionarios municipales, al tiempo que destac\u00f3 que \u00abFreirina se merece tener un festival de estas caracter\u00edsticas, as\u00ed lo entendi\u00f3 el Concejo Municipal quien asume el compromiso de aprobar recursos para sacar adelante este evento\u00bb dijo.<\/p>\n\n\n\n<p>Cabe destacar que este a\u00f1o el evento festivalero cont\u00f3 con asientos preferenciales para personas con discapacidad, una medida que viene a marcar un sello inclusivo, caracter\u00edstico de la actual administraci\u00f3n municipal, de all\u00ed, que este a\u00f1o se cont\u00f3 con el servicio de una int\u00e9rprete de lengua de se\u00f1as para la transmisi\u00f3n del festival por circuito cerrado y streaming.<\/p>\n\n\n\n<p>La segunda jornada de competencia permiti\u00f3 definir quien se llevar\u00eda el m\u00e1ximo premio, esta vez, El Camar\u00f3n se fue para la ciudad de Concepci\u00f3n, con la canci\u00f3n \u00abLa Quintralada\u00bb en la voz de Silvana Mar\u00edn.<\/p>\n\n\n\n<p>El premio al m\u00e1s popular fue para el representante de Freirina Jos\u00e9 Alvarado, quien interpret\u00f3 el tema \u00abYo te amo\u00bb.<\/p>\n\n\n\n<p>La segunda noche determin\u00f3 que el tercer puesto se lo llevara Santiago Vega de la ciudad de los \u00c1ngeles con la canci\u00f3n \u00abVuelve conmigo amor\u00bb, mientras que el segundo lugar lo obtuvo Solange Flores de la ciudad de Villa Alemana quien cant\u00f3 \u00abdudas\u00bb.<\/p>\n\n\n\n<p>La Comisi\u00f3n Organizadora agradeci\u00f3 la asistencia de las m\u00e1s de 2500 personas que disfrutaron de las dos jornadas y que tuvieron un pulcro espect\u00e1culo con las presentaciones de los locales \u00abSoles de Freirina\u00bb, \u00abEl Charo Aguirre\u00bb y \u00abSentimiento Andino\u00bb, para coronar las dos noches con \u00abLos Golpes Hist\u00f3ricos\u00bb, \u00abPedro Ruminot\u00bb en el humor, la energ\u00eda de \u00abVilla Cari\u00f1o\u00bb y la trayectoria de \u00abInti Illimani Hist\u00f3rico\u00bb.<\/p>\n\n\n\n<p>Una verdadera fiesta la que sin duda quedar\u00e1 en los registros y en la memoria colectiva de cientos de freirinenses que lograron llegar hasta la plaza de la comuna para deleitarse con la parrilla musical propuesta para esta versi\u00f3n.<\/p>\n","protected":false},"excerpt":{"rendered":"<p>Una evaluaci\u00f3n bastante positiva surgi\u00f3 de la Comisi\u00f3n Organizadora de la vig\u00e9simo s\u00e9ptima versi\u00f3n del Festival Nacional El Camar\u00f3n de Freirina, tras culminar la segunda&hellip; <\/p>\n","protected":false},"author":2,"featured_media":20844,"comment_status":"open","ping_status":"closed","sticky":false,"template":"","format":"standard","meta":{"footnotes":""},"categories":[7,9,3],"tags":[],"class_list":["post-20843","post","type-post","status-publish","format-standard","has-post-thumbnail","hentry","category-atacama","category-cultura","category-freirina"],"_links":{"self":[{"href":"https:\/\/www.radioamigavallenar.cl\/index.php?rest_route=\/wp\/v2\/posts\/20843","targetHints":{"allow":["GET"]}}],"collection":[{"href":"https:\/\/www.radioamigavallenar.cl\/index.php?rest_route=\/wp\/v2\/posts"}],"about":[{"href":"https:\/\/www.radioamigavallenar.cl\/index.php?rest_route=\/wp\/v2\/types\/post"}],"author":[{"embeddable":true,"href":"https:\/\/www.radioamigavallenar.cl\/index.php?rest_route=\/wp\/v2\/users\/2"}],"replies":[{"embeddable":true,"href":"https:\/\/www.radioamigavallenar.cl\/index.php?rest_route=%2Fwp%2Fv2%2Fcomments&post=20843"}],"version-history":[{"count":0,"href":"https:\/\/www.radioamigavallenar.cl\/index.php?rest_route=\/wp\/v2\/posts\/20843\/revisions"}],"wp:featuredmedia":[{"embeddable":true,"href":"https:\/\/www.radioamigavallenar.cl\/index.php?rest_route=\/wp\/v2\/media\/20844"}],"wp:attachment":[{"href":"https:\/\/www.radioamigavallenar.cl\/index.php?rest_route=%2Fwp%2Fv2%2Fmedia&parent=20843"}],"wp:term":[{"taxonomy":"category","embeddable":true,"href":"https:\/\/www.radioamigavallenar.cl\/index.php?rest_route=%2Fwp%2Fv2%2Fcategories&post=20843"},{"taxonomy":"post_tag","embeddable":true,"href":"https:\/\/www.radioamigavallenar.cl\/index.php?rest_route=%2Fwp%2Fv2%2Ftags&post=20843"}],"curies":[{"name":"wp","href":"https:\/\/api.w.org\/{rel}","templated":true}]}}