{"id":20838,"date":"2020-02-10T12:02:13","date_gmt":"2020-02-10T15:02:13","guid":{"rendered":"https:\/\/www.radioamigavallenar.cl\/?p=20838"},"modified":"2020-02-10T12:02:15","modified_gmt":"2020-02-10T15:02:15","slug":"en-prision-preventiva-pasajero-de-bus-interprovincial-que-transportaba-pasta-base-y-clorhidrato-de-cocaina","status":"publish","type":"post","link":"https:\/\/www.radioamigavallenar.cl\/?p=20838","title":{"rendered":"En prisi\u00f3n preventiva pasajero de bus interprovincial  que transportaba pasta base y clorhidrato de coca\u00edna"},"content":{"rendered":"\n<div class=\"wp-block-image\"><figure class=\"aligncenter size-large\"><img loading=\"lazy\" decoding=\"async\" width=\"1024\" height=\"683\" src=\"https:\/\/www.radioamigavallenar.cl\/wp-content\/uploads\/2020\/02\/FISCAL-pp-ORELLANA-1-1024x683.jpg\" alt=\"\" class=\"wp-image-20840\" srcset=\"https:\/\/www.radioamigavallenar.cl\/wp-content\/uploads\/2020\/02\/FISCAL-pp-ORELLANA-1-1024x683.jpg 1024w, https:\/\/www.radioamigavallenar.cl\/wp-content\/uploads\/2020\/02\/FISCAL-pp-ORELLANA-1-300x200.jpg 300w, https:\/\/www.radioamigavallenar.cl\/wp-content\/uploads\/2020\/02\/FISCAL-pp-ORELLANA-1-768x512.jpg 768w, https:\/\/www.radioamigavallenar.cl\/wp-content\/uploads\/2020\/02\/FISCAL-pp-ORELLANA-1-1536x1024.jpg 1536w, https:\/\/www.radioamigavallenar.cl\/wp-content\/uploads\/2020\/02\/FISCAL-pp-ORELLANA-1-2048x1365.jpg 2048w\" sizes=\"auto, (max-width: 1024px) 100vw, 1024px\" \/><\/figure><\/div>\n\n\n\n<p><strong><em>Fue\ndetectado por personal de Carabineros en las cercan\u00edas de Cha\u00f1aral. Audiencia\nde formalizaci\u00f3n se desarroll\u00f3 este domingo. <\/em><\/strong><\/p>\n\n\n\n<p>Bajo la medida cautelar de prisi\u00f3n\npreventiva en la c\u00e1rcel de Cha\u00f1aral qued\u00f3 el pasajero de un bus interprovincial\nque fue detenido, luego que se estableciera que era el propietario de una\nmaleta en cuyo interior se encontr\u00f3 droga.<\/p>\n\n\n\n<p>Los antecedentes del caso los expuso\nel fiscal jefe de Diego de Almagro en la audiencia de formalizaci\u00f3n realizada\neste domingo, ocasi\u00f3n en que argument\u00f3 que mientras personal del OS-7 de\nCarabineros realizaban controles carreteros en las cercan\u00edas de Cha\u00f1aral,\nprocedieron a la inspecci\u00f3n de un bus de pasajeros que circulaba en direcci\u00f3n\nal sur del pa\u00eds. \u201cEn este procedimiento se utiliz\u00f3 un perro detector de droga,\nel que marc\u00f3 un bolso. Siendo \u00e9ste revisado por personal policial, momento en\nque se encontraron aproximadamente 5 kilos de pasta base y un kilo de\nclorhidrato de coca\u00edna\u201d, dijo el fiscal.<\/p>\n\n\n\n<p>Una vez incautada la maleta y la droga\nse trabaj\u00f3 para identificar al due\u00f1o de la especie, el que logr\u00f3 ser ubicado y\ndetenido en el mismo lugar.\n\nLos\nhechos fueron expuestos en la audiencia respectiva, ocasi\u00f3n en que la Fiscal\u00eda\ninform\u00f3 la investigaci\u00f3n abierta en contra del imputado quien fue formalizado por\nel delito de tr\u00e1fico il\u00edcito de drogas, siendo considerado un peligro para la\nseguridad de la sociedad. Solicitando el fiscal la medida cautelar de prisi\u00f3n\npreventiva, la cual fue decretada por el juez de turno, quien adem\u00e1s fijo un\nplazo de 90 d\u00edas para el cierre de la investigaci\u00f3n de esta causa.&nbsp; \n\n\n\n<\/p>\n","protected":false},"excerpt":{"rendered":"<p>Fue detectado por personal de Carabineros en las cercan\u00edas de Cha\u00f1aral. Audiencia de formalizaci\u00f3n se desarroll\u00f3 este domingo. Bajo la medida cautelar de prisi\u00f3n preventiva&hellip; <\/p>\n","protected":false},"author":2,"featured_media":20839,"comment_status":"open","ping_status":"closed","sticky":false,"template":"","format":"standard","meta":{"footnotes":""},"categories":[7],"tags":[],"class_list":["post-20838","post","type-post","status-publish","format-standard","has-post-thumbnail","hentry","category-atacama"],"_links":{"self":[{"href":"https:\/\/www.radioamigavallenar.cl\/index.php?rest_route=\/wp\/v2\/posts\/20838","targetHints":{"allow":["GET"]}}],"collection":[{"href":"https:\/\/www.radioamigavallenar.cl\/index.php?rest_route=\/wp\/v2\/posts"}],"about":[{"href":"https:\/\/www.radioamigavallenar.cl\/index.php?rest_route=\/wp\/v2\/types\/post"}],"author":[{"embeddable":true,"href":"https:\/\/www.radioamigavallenar.cl\/index.php?rest_route=\/wp\/v2\/users\/2"}],"replies":[{"embeddable":true,"href":"https:\/\/www.radioamigavallenar.cl\/index.php?rest_route=%2Fwp%2Fv2%2Fcomments&post=20838"}],"version-history":[{"count":0,"href":"https:\/\/www.radioamigavallenar.cl\/index.php?rest_route=\/wp\/v2\/posts\/20838\/revisions"}],"wp:featuredmedia":[{"embeddable":true,"href":"https:\/\/www.radioamigavallenar.cl\/index.php?rest_route=\/wp\/v2\/media\/20839"}],"wp:attachment":[{"href":"https:\/\/www.radioamigavallenar.cl\/index.php?rest_route=%2Fwp%2Fv2%2Fmedia&parent=20838"}],"wp:term":[{"taxonomy":"category","embeddable":true,"href":"https:\/\/www.radioamigavallenar.cl\/index.php?rest_route=%2Fwp%2Fv2%2Fcategories&post=20838"},{"taxonomy":"post_tag","embeddable":true,"href":"https:\/\/www.radioamigavallenar.cl\/index.php?rest_route=%2Fwp%2Fv2%2Ftags&post=20838"}],"curies":[{"name":"wp","href":"https:\/\/api.w.org\/{rel}","templated":true}]}}