{"id":20835,"date":"2020-02-10T11:08:36","date_gmt":"2020-02-10T14:08:36","guid":{"rendered":"https:\/\/www.radioamigavallenar.cl\/?p=20835"},"modified":"2024-04-09T09:18:22","modified_gmt":"2024-04-09T12:18:22","slug":"municipalidad-de-vallenar-inauguran-nueva-sede-vecinal-en-hacienda-compania","status":"publish","type":"post","link":"https:\/\/www.radioamigavallenar.cl\/?p=20835","title":{"rendered":"Municipalidad de Vallenar inauguran nueva sede vecinal en hacienda. Compa\u00f1\u00eda"},"content":{"rendered":"\r\n<div class=\"wp-block-image\"><figure class=\"aligncenter size-large\"><img loading=\"lazy\" decoding=\"async\" width=\"960\" height=\"720\" src=\"https:\/\/www.radioamigavallenar.cl\/wp-content\/uploads\/2020\/02\/sede-hac.-compa\u00f1\u00eda.jpg\" alt=\"\" class=\"wp-image-20836\" srcset=\"https:\/\/www.radioamigavallenar.cl\/wp-content\/uploads\/2020\/02\/sede-hac.-compa\u00f1\u00eda.jpg 960w, https:\/\/www.radioamigavallenar.cl\/wp-content\/uploads\/2020\/02\/sede-hac.-compa\u00f1\u00eda-300x225.jpg 300w, https:\/\/www.radioamigavallenar.cl\/wp-content\/uploads\/2020\/02\/sede-hac.-compa\u00f1\u00eda-768x576.jpg 768w\" sizes=\"auto, (max-width: 960px) 100vw, 960px\" \/><\/figure><\/div>\r\n\r\n\r\n\r\n<p>Con el apoyo del municipio de Vallenar, vecinos\r\nde la Hacienda Compa\u00f1\u00eda inauguran su nueva sede social.<\/p>\r\n\r\n\r\n\r\n<p>A partir de hoy los vecinos de la\r\nhacienda Compa\u00f1\u00eda cuentan con su nueva sede social, logro que se concreta\r\ngracias al trabajo desarrollado por los vecinos del sector y que cont\u00f3 con el\r\napoyo y financiamiento del municipio de Vallenar, qui\u00e9n aport\u00f3 cerca de 4\r\nmillones de pesos para concretar la construcci\u00f3n de la sede vecinal.<\/p>\r\n\r\n\r\n\r\n<p>En la ceremonia de inauguraci\u00f3n\r\nparticiparon el alcalde de la comuna, Cristian Tapia Ramos, los concejales,\r\nLuis Bogdanic Caminada, Robinson Morales Valera, el presidente de la junta de\r\nvecinos Juan Carlos Sequeira, la representante de la gobernadora del &nbsp;Huasco, Denis Pino, el director del IPS Ra\u00fal\r\nArdiles, vecinos y alumnos de la escuela Sara Bembow. Si eres un fan\u00e1tico de los juegos de azar en l\u00ednea, seguramente has o\u00eddo hablar de 1win. Con 1win, puedes <a href=\"https:\/\/bonanza-games.com\/es\/sweet-bonanza-1win\">jugar Sweet Bonanza<\/a> y experimentar una emocionante experiencia de juego en l\u00ednea. \u00a1Reg\u00edstrate en 1win y comienza a girar los carretes de Sweet Bonanza hoy mismo!<\/p>\r\n\r\n\r\n\r\n<p>Ver\u00f3nica Miranda vecina y colaboradora\r\nde la junta de vecinos del sector, se manifest\u00f3 muy contenta con la\r\ninauguraci\u00f3n de la sede vecinal.<\/p>\r\n\r\n\r\n\r\n<p><strong>\u201cHoy\r\nse da final a nuestro proyecto hermoso, que es la sede comunitaria de la\r\nHacienda Compa\u00f1\u00eda, estamos super contentos ya por el proyecto terminado,\r\nrealizado, anhelado de a\u00f1os por distintas directivas que trataron de lograr\r\neste gran proyecto y bueno con la ayuda de las autoridades de nuestra\r\nmunicipalidad de Vallenar y los concejales, a nombre de nuestra comunidad\r\nmuchas gracias por este d\u00eda tan esperado y qu\u00e9 m\u00e1s puedo decir estoy feliz,\r\nnuestros vecinos hoy nos apoyaron bastante, a ello se suma la copa de agua que\r\nfue entregada por el municipio hasta que se pueda concretar el agua potable, yo\r\nsoy tambi\u00e9n la presidenta de la APR (Agua Potable Rural) as\u00ed que ah\u00ed tambi\u00e9n\r\nvamos a gestionar para que esto se logre tambi\u00e9n con un buen t\u00e9rmino\u201d.<\/strong><\/p>\r\n\r\n\r\n\r\n<p>Por su parte el alcalde de la comuna de\r\nVallenar, Cristian Tapia Ramos, se manifest\u00f3 muy contento con la inauguraci\u00f3n\r\nde la sede vecinal e hizo un recuerdo del apoyo permanente que, esa localidad\r\nha tenido del municipio.<\/p>\r\n\r\n\r\n\r\n<p><strong>\u201cEl\r\nd\u00eda ver este sue\u00f1o cumplido donde nosotros como municipio aportamos m\u00e1s de 4\r\nmillones de pesos para que ellos tuviesen su sede, super linda de madera, algo\r\nt\u00edpico de lo que significa la Hacienda Compa\u00f1\u00eda, un espacio lleno de\r\nvegetaci\u00f3n, lleno de naturaleza, as\u00ed que felicitar a toda su directiva, quienes\r\nhicieron posible de que este sue\u00f1o, de su sede propia el d\u00eda de hoy la\r\nestuvi\u00e9semos inaugurando y es su casa, la casa de toda una comunidad que va\r\npermitir congregarse ara conversar, para discutir a veces situaciones que\r\npresenta la comunidad y como siempre les reiter\u00e9 que, mientras yo sea alcalde\r\nlos sectores rurales van a tener la misma importancia de lo que tiene el sector\r\nurbano\u201d. <\/strong><\/p>\r\n\r\n\r\n\r\n<p>Cabe destacar que en la ceremonia de\r\ninauguraci\u00f3n participaron los alumnos de la escuela, Sara Bembow, quienes\r\nestuvieron a cargo los n\u00fameros art\u00edsticos, bailando cuecas e interpretando\r\ncanciones en vivo acompa\u00f1ados con instrumentos musicales.<\/p>\r\n","protected":false},"excerpt":{"rendered":"<p>Con el apoyo del municipio de Vallenar, vecinos de la Hacienda Compa\u00f1\u00eda inauguran su nueva sede social. A partir de hoy los vecinos de la&hellip; <\/p>\n","protected":false},"author":2,"featured_media":20836,"comment_status":"open","ping_status":"closed","sticky":false,"template":"","format":"standard","meta":{"footnotes":""},"categories":[7],"tags":[],"class_list":["post-20835","post","type-post","status-publish","format-standard","has-post-thumbnail","hentry","category-atacama"],"_links":{"self":[{"href":"https:\/\/www.radioamigavallenar.cl\/index.php?rest_route=\/wp\/v2\/posts\/20835","targetHints":{"allow":["GET"]}}],"collection":[{"href":"https:\/\/www.radioamigavallenar.cl\/index.php?rest_route=\/wp\/v2\/posts"}],"about":[{"href":"https:\/\/www.radioamigavallenar.cl\/index.php?rest_route=\/wp\/v2\/types\/post"}],"author":[{"embeddable":true,"href":"https:\/\/www.radioamigavallenar.cl\/index.php?rest_route=\/wp\/v2\/users\/2"}],"replies":[{"embeddable":true,"href":"https:\/\/www.radioamigavallenar.cl\/index.php?rest_route=%2Fwp%2Fv2%2Fcomments&post=20835"}],"version-history":[{"count":2,"href":"https:\/\/www.radioamigavallenar.cl\/index.php?rest_route=\/wp\/v2\/posts\/20835\/revisions"}],"predecessor-version":[{"id":81034,"href":"https:\/\/www.radioamigavallenar.cl\/index.php?rest_route=\/wp\/v2\/posts\/20835\/revisions\/81034"}],"wp:featuredmedia":[{"embeddable":true,"href":"https:\/\/www.radioamigavallenar.cl\/index.php?rest_route=\/wp\/v2\/media\/20836"}],"wp:attachment":[{"href":"https:\/\/www.radioamigavallenar.cl\/index.php?rest_route=%2Fwp%2Fv2%2Fmedia&parent=20835"}],"wp:term":[{"taxonomy":"category","embeddable":true,"href":"https:\/\/www.radioamigavallenar.cl\/index.php?rest_route=%2Fwp%2Fv2%2Fcategories&post=20835"},{"taxonomy":"post_tag","embeddable":true,"href":"https:\/\/www.radioamigavallenar.cl\/index.php?rest_route=%2Fwp%2Fv2%2Ftags&post=20835"}],"curies":[{"name":"wp","href":"https:\/\/api.w.org\/{rel}","templated":true}]}}