{"id":20832,"date":"2020-02-10T10:48:43","date_gmt":"2020-02-10T13:48:43","guid":{"rendered":"https:\/\/www.radioamigavallenar.cl\/?p=20832"},"modified":"2020-02-10T10:48:45","modified_gmt":"2020-02-10T13:48:45","slug":"prochile-la-apuesta-exportadora-de-los-destilados-del-valle-del-huasco","status":"publish","type":"post","link":"https:\/\/www.radioamigavallenar.cl\/?p=20832","title":{"rendered":"PROCHILE: La apuesta exportadora de los destilados del valle del Huasco"},"content":{"rendered":"\n<div class=\"wp-block-image\"><figure class=\"aligncenter size-large\"><img loading=\"lazy\" decoding=\"async\" width=\"660\" height=\"406\" src=\"https:\/\/www.radioamigavallenar.cl\/wp-content\/uploads\/2020\/02\/variedades-de-pisco.jpg\" alt=\"\" class=\"wp-image-20833\" srcset=\"https:\/\/www.radioamigavallenar.cl\/wp-content\/uploads\/2020\/02\/variedades-de-pisco.jpg 660w, https:\/\/www.radioamigavallenar.cl\/wp-content\/uploads\/2020\/02\/variedades-de-pisco-300x185.jpg 300w\" sizes=\"auto, (max-width: 660px) 100vw, 660px\" \/><\/figure><\/div>\n\n\n\n<p><strong>Desde el organismo destacaron el trabajo y las proyecciones de los productores regionales.<\/strong><\/p>\n\n\n\n<p>Sin duda que la producci\u00f3n de destilados en el valle del Huasco se ha convertido en un rubro de gran atractivo, tanto por su calidad como por el potencial que este tipo de productos puede capitalizar en los mercados internacionales.<\/p>\n\n\n\n<p>Ejemplos de destacadas producciones a nivel regional son los&nbsp;<strong>piscos Bou Barroeta, Horc\u00f3n Quemado, Telum y Armidita<\/strong>, elaborados en la comuna de Alto del Carmen. A los que se suman el&nbsp;<strong>Gin Nativo<\/strong>&nbsp;y recientemente lanzado&nbsp;<strong>pisco Jahir Saba<\/strong>.<\/p>\n\n\n\n<p>Este \u00faltimo destilado, producido en Vallenar, es fruto del trabajo del joven empresario &nbsp;Jahir Saba Carrillo, quien hace tres a\u00f1os comenz\u00f3 la construcci\u00f3n de una destiler\u00eda en Vallenar, y que ser\u00e1 prontamente inaugurada.<\/p>\n\n\n\n<p>\u201cNuestro pisco ya est\u00e1 a la venta en&nbsp; las regiones de Atacama y Coquimbo, adem\u00e1s de Los Lagos y Los R\u00edos. El elemento principal es la uva Moscatel de Alejandr\u00eda, conserv\u00e1ndose&nbsp; en barriles de roble franc\u00e9s, con una guarda superior a tres a\u00f1os y con 35 grados de alcohol\u201d, indic\u00f3 el vallenarino.<\/p>\n\n\n\n<p>Sumado a este ejemplo, un caso exitoso a destacar es el Gin Nativo, de la empresa regional Eco Ranch Spa, cuyos socios concretaron una provechosa gira por Inglaterra para participar en diversas muestras y&nbsp; eventos de cocteler\u00eda del Reino Unido.&nbsp; La invitaci\u00f3n realizada por la afamada cadena compradora de Europa, Naked Wines, se concret\u00f3&nbsp; luego que los productores de Alto del Carmen comercializar\u00e1n m\u00e1s de 20 mil botellas de su producto estrella, creado con elementos originarios del valle del Huasco, en una partida exclusiva para este importador.<\/p>\n\n\n\n<p>Otra gran noticia relacionada con los destilados del valle del Huasco se produjo en la Edici\u00f3n 2019 de Spirits Selection, la principal competencia mundial de destilados vinculada al Concurso Mundial de Bruselas, donde Pisco Bou Barroeta alcanz\u00f3 dos Medallas de Plata, con&nbsp; sus variedades Noor Pisco Reservado y Maria\u00b4s Pisco Reservado. Tras esto, gracias al concurso Silvoagropecuario de ProChile, sus representantes concretaron una importante Misi\u00f3n de Prospecci\u00f3n Comercial al mercado de Inglaterra, visitando &nbsp;la London Cocktail Week, el festival m\u00e1s grande de su tipo en el mundo, adem\u00e1s de concretar reuniones comerciales con potenciales clientes europeos.<\/p>\n\n\n\n<p><strong>MUSEO DEL PISCO EN VALLENAR<\/strong><\/p>\n\n\n\n<p>Es tal la calidad de los destilados del valle del Huasco que por iniciativa del productor Jahir Saba, la regi\u00f3n de Atacama podr\u00eda contar prontamente con el Primer Museo del Pisco del pa\u00eds, en la ciudad de Vallenar. El proyecto buscar\u00eda reunir a todas las destiler\u00edas regionales en una instalaci\u00f3n que mostrar\u00eda su historia y que podr\u00eda abrir sus puertas este 15 de mayo, para el D\u00eda Nacional del Pisco.<\/p>\n\n\n\n<p>\u201cVamos a crear este Museo para que todas las pisqueras puedan promover sus productos, con peque\u00f1os tours mostrando los procesos de elaboraci\u00f3n y la historia de los destilados, contando adem\u00e1s con espacios como restor\u00e1n, cafeter\u00edas y una vista privilegiada de la ciudad. Si bien la inversi\u00f3n es particular de nuestra Destiler\u00eda Nacional SpA, la idea es que se vaya sumando la participaci\u00f3n de organismos p\u00fablicos como la Municipalidad de Vallenar, AG Pisco Chile y a otras empresas\u201d, explic\u00f3 el joven productor.<\/p>\n\n\n\n<p>Junto con destacar este buen panorama y que los productores de pisco m\u00e1s importantes de la regi\u00f3n est\u00e9n exportando, el Director de la Oficina Regional de ProChile, Juan Noemi Campos, se\u00f1al\u00f3 que \u201ccomo organismo t\u00e9cnico, nuestro trabajo debe seguir potenciando este atractivo sector, principalmente a trav\u00e9s del Concurso Silvoagropecuario, con herramientas de promoci\u00f3n como la tra\u00edda de compradores, y tambi\u00e9n con acciones v\u00eda FNDR como un Master Class de pisco en el extranjero, y la Semana de Atacama en Estados Unidos\u201d.<\/p>\n\n\n\n<p>Finalmente, Noemi hizo un llamado para que las empresas productoras se acerquen a la oficina de ProChile, donde recibir\u00e1n apoyo para su proceso de internacionalizaci\u00f3n. \u201dContamos con una vasta red de oficinas comerciales en los principales mercados para profundizar el posicionamiento de Atacama y sus productos a nivel mundial\u201d, concluy\u00f3.<\/p>\n","protected":false},"excerpt":{"rendered":"<p>Desde el organismo destacaron el trabajo y las proyecciones de los productores regionales. Sin duda que la producci\u00f3n de destilados en el valle del Huasco&hellip; <\/p>\n","protected":false},"author":2,"featured_media":20833,"comment_status":"open","ping_status":"closed","sticky":false,"template":"","format":"standard","meta":{"footnotes":""},"categories":[5,7,2],"tags":[],"class_list":["post-20832","post","type-post","status-publish","format-standard","has-post-thumbnail","hentry","category-alto-del-carmen","category-atacama","category-vallenar"],"_links":{"self":[{"href":"https:\/\/www.radioamigavallenar.cl\/index.php?rest_route=\/wp\/v2\/posts\/20832","targetHints":{"allow":["GET"]}}],"collection":[{"href":"https:\/\/www.radioamigavallenar.cl\/index.php?rest_route=\/wp\/v2\/posts"}],"about":[{"href":"https:\/\/www.radioamigavallenar.cl\/index.php?rest_route=\/wp\/v2\/types\/post"}],"author":[{"embeddable":true,"href":"https:\/\/www.radioamigavallenar.cl\/index.php?rest_route=\/wp\/v2\/users\/2"}],"replies":[{"embeddable":true,"href":"https:\/\/www.radioamigavallenar.cl\/index.php?rest_route=%2Fwp%2Fv2%2Fcomments&post=20832"}],"version-history":[{"count":0,"href":"https:\/\/www.radioamigavallenar.cl\/index.php?rest_route=\/wp\/v2\/posts\/20832\/revisions"}],"wp:featuredmedia":[{"embeddable":true,"href":"https:\/\/www.radioamigavallenar.cl\/index.php?rest_route=\/wp\/v2\/media\/20833"}],"wp:attachment":[{"href":"https:\/\/www.radioamigavallenar.cl\/index.php?rest_route=%2Fwp%2Fv2%2Fmedia&parent=20832"}],"wp:term":[{"taxonomy":"category","embeddable":true,"href":"https:\/\/www.radioamigavallenar.cl\/index.php?rest_route=%2Fwp%2Fv2%2Fcategories&post=20832"},{"taxonomy":"post_tag","embeddable":true,"href":"https:\/\/www.radioamigavallenar.cl\/index.php?rest_route=%2Fwp%2Fv2%2Ftags&post=20832"}],"curies":[{"name":"wp","href":"https:\/\/api.w.org\/{rel}","templated":true}]}}