{"id":20811,"date":"2020-02-10T00:00:00","date_gmt":"2020-02-10T03:00:00","guid":{"rendered":"https:\/\/www.radioamigavallenar.cl\/?p=20811"},"modified":"2020-02-09T21:32:59","modified_gmt":"2020-02-10T00:32:59","slug":"personas-denuncian-estafa-tras-compra-de-casas-prefabricadas-en-region-de-coquimbo","status":"publish","type":"post","link":"https:\/\/www.radioamigavallenar.cl\/?p=20811","title":{"rendered":"Personas denuncian estafa tras compra de casas prefabricadas en regi\u00f3n de Coquimbo"},"content":{"rendered":"\n<div class=\"wp-block-image\"><figure class=\"aligncenter size-large\"><img loading=\"lazy\" decoding=\"async\" width=\"1024\" height=\"576\" src=\"https:\/\/www.radioamigavallenar.cl\/wp-content\/uploads\/2020\/02\/maxresdefault-1024x576.jpg\" alt=\"\" class=\"wp-image-20812\" srcset=\"https:\/\/www.radioamigavallenar.cl\/wp-content\/uploads\/2020\/02\/maxresdefault-1024x576.jpg 1024w, https:\/\/www.radioamigavallenar.cl\/wp-content\/uploads\/2020\/02\/maxresdefault-300x169.jpg 300w, https:\/\/www.radioamigavallenar.cl\/wp-content\/uploads\/2020\/02\/maxresdefault-768x432.jpg 768w, https:\/\/www.radioamigavallenar.cl\/wp-content\/uploads\/2020\/02\/maxresdefault.jpg 1280w\" sizes=\"auto, (max-width: 1024px) 100vw, 1024px\" \/><\/figure><\/div>\n\n\n\n<p>M\u00e1s de 200 personas&nbsp;en la regi\u00f3n de Coquimbo se habr\u00edan visto afectadas por un presunto fraude respecto a la&nbsp;compra de casas prefabricadas&nbsp;a la empresa \u201cCasa Los Robles\u201d, la que cerr\u00f3 sus puertas en la zona sin hacer entrega de los inmuebles.<\/p>\n\n\n\n<p>Aida Morales, una de las personas que acusa a la firma en cuesti\u00f3n, apunt\u00f3 que junto a su esposo pagaron\u00a0siete millones de pesos por una vivienda de este tipo, a\u00f1adiendo que el panorama comenz\u00f3 a complicarse con el paso de los meses.<\/p>\n\n\n\n<p>\u201cNosotros quer\u00edamos tener noticias de nuestra casa, y cu\u00e1ndo la \u00edbamos a tener, para coordinar todo en Caldera que era donde nos \u00edbamos a instalar, pero las respuestas eran muy generales, se notaba que nos dec\u00edan cosas para que nos qued\u00e1ramos tranquilos\u201d, se\u00f1al\u00f3 Mauricio Garc\u00eda, esposo de Aida.<\/p>\n\n\n\n<p>A su vez, la se\u00f1ora Aida asever\u00f3 que \u201cfuimos v\u00edctimas de un enga\u00f1o de esta gente, que no tiene ning\u00fan escr\u00fapulo\u201d.<\/p>\n\n\n\n<p>&nbsp;\u201cAqu\u00ed lo que estamos persiguiendo son dos cosas, primero la responsabilidad civil a trav\u00e9s&nbsp;de una acci\u00f3n colectiva, por el incumplimiento del contrato respecto de las fechas de entrega de las propiedades, para eso requer\u00edamos tener a 50 personas y a esas ya las tenemos, y la acci\u00f3n la vamos a presentamos el dia Viernes, apunt\u00f3 el abogado.<\/p>\n\n\n\n<p>En esa misma l\u00ednea, Soto a\u00f1adi\u00f3 que buscan que la ley \u201ccondene a Casas Los Robles por estos incumplimientos, y que la gente&nbsp;pueda obtener la devoluci\u00f3n del dinero por la no entrega de la casa, o, en otros casos, puedan finalmente obtener la casa\u201d.<\/p>\n\n\n\n<p>A su vez, no se detuvo ah\u00ed, manifestando que tambi\u00e9n se est\u00e1n realizando acciones en materia penal, indicando que \u201caqu\u00ed existe la estafa, y adem\u00e1s que se comete de manera reiterada, porque lo que hac\u00eda esta empresa era recibir los dineros,&nbsp;d\u00e1ndole a la gente una fecha de entrega, y luego cambiaban esta fecha unilateralmente d\u00e1ndoles diferentes razones, sin embargo, continuaban recibiendo dinero\u201d.<\/p>\n\n\n\n<p>Finalmente, se intent\u00f3 contactar a la empresa para tener su versi\u00f3n sobre las denuncias ya se\u00f1aladas, sin obtener mayor resultado.<\/p>\n\n\n\n<p>Lo anterior, considerando que -por ejemplo- las dependencias del recinto ubicado en Ruta 5, cerca de Cuatro Esquinas,&nbsp;est\u00e1n totalmente deshabitadas.<\/p>\n","protected":false},"excerpt":{"rendered":"<p>M\u00e1s de 200 personas&nbsp;en la regi\u00f3n de Coquimbo se habr\u00edan visto afectadas por un presunto fraude respecto a la&nbsp;compra de casas prefabricadas&nbsp;a la empresa \u201cCasa&hellip; <\/p>\n","protected":false},"author":2,"featured_media":20812,"comment_status":"open","ping_status":"closed","sticky":false,"template":"","format":"standard","meta":{"footnotes":""},"categories":[37],"tags":[],"class_list":["post-20811","post","type-post","status-publish","format-standard","has-post-thumbnail","hentry","category-nacional"],"_links":{"self":[{"href":"https:\/\/www.radioamigavallenar.cl\/index.php?rest_route=\/wp\/v2\/posts\/20811","targetHints":{"allow":["GET"]}}],"collection":[{"href":"https:\/\/www.radioamigavallenar.cl\/index.php?rest_route=\/wp\/v2\/posts"}],"about":[{"href":"https:\/\/www.radioamigavallenar.cl\/index.php?rest_route=\/wp\/v2\/types\/post"}],"author":[{"embeddable":true,"href":"https:\/\/www.radioamigavallenar.cl\/index.php?rest_route=\/wp\/v2\/users\/2"}],"replies":[{"embeddable":true,"href":"https:\/\/www.radioamigavallenar.cl\/index.php?rest_route=%2Fwp%2Fv2%2Fcomments&post=20811"}],"version-history":[{"count":0,"href":"https:\/\/www.radioamigavallenar.cl\/index.php?rest_route=\/wp\/v2\/posts\/20811\/revisions"}],"wp:featuredmedia":[{"embeddable":true,"href":"https:\/\/www.radioamigavallenar.cl\/index.php?rest_route=\/wp\/v2\/media\/20812"}],"wp:attachment":[{"href":"https:\/\/www.radioamigavallenar.cl\/index.php?rest_route=%2Fwp%2Fv2%2Fmedia&parent=20811"}],"wp:term":[{"taxonomy":"category","embeddable":true,"href":"https:\/\/www.radioamigavallenar.cl\/index.php?rest_route=%2Fwp%2Fv2%2Fcategories&post=20811"},{"taxonomy":"post_tag","embeddable":true,"href":"https:\/\/www.radioamigavallenar.cl\/index.php?rest_route=%2Fwp%2Fv2%2Ftags&post=20811"}],"curies":[{"name":"wp","href":"https:\/\/api.w.org\/{rel}","templated":true}]}}