{"id":20722,"date":"2020-02-07T00:00:00","date_gmt":"2020-02-07T03:00:00","guid":{"rendered":"https:\/\/www.radioamigavallenar.cl\/?p=20722"},"modified":"2020-02-06T20:28:34","modified_gmt":"2020-02-06T23:28:34","slug":"ya-es-ley-suben-multas-por-uso-indebido-de-estacionamientos-para-personas-con-discapacidad","status":"publish","type":"post","link":"https:\/\/www.radioamigavallenar.cl\/?p=20722","title":{"rendered":"Ya es ley: Suben multas por uso indebido de estacionamientos para personas con discapacidad"},"content":{"rendered":"\n<div class=\"wp-block-image\"><figure class=\"aligncenter size-large\"><img loading=\"lazy\" decoding=\"async\" width=\"900\" height=\"507\" src=\"https:\/\/www.radioamigavallenar.cl\/wp-content\/uploads\/2020\/02\/foto_0000001120200206143913-scaled-1.jpg\" alt=\"\" class=\"wp-image-20723\" srcset=\"https:\/\/www.radioamigavallenar.cl\/wp-content\/uploads\/2020\/02\/foto_0000001120200206143913-scaled-1.jpg 900w, https:\/\/www.radioamigavallenar.cl\/wp-content\/uploads\/2020\/02\/foto_0000001120200206143913-scaled-1-300x169.jpg 300w, https:\/\/www.radioamigavallenar.cl\/wp-content\/uploads\/2020\/02\/foto_0000001120200206143913-scaled-1-768x433.jpg 768w\" sizes=\"auto, (max-width: 900px) 100vw, 900px\" \/><\/figure><\/div>\n\n\n\n<p>Las infracciones van desde una pena monetaria, hasta la suspensi\u00f3n o cancelaci\u00f3n de la licencia de conducir, en el caso de los reincidentes.<\/p>\n\n\n\n<p>Este jueves entr\u00f3 en vigencia la&nbsp;modificaci\u00f3n a la Ley de Tr\u00e1nsito&nbsp;que elva las multas a quienes utilicen indebidamente los estacionamientos reservados para personas con discapacidad.<\/p>\n\n\n\n<p>Estos estacionamientos, explicita la ley, son reservados para cualquier persona que tenga alg\u00fan tipo de discapacidad siempre y cuando tengan la credencia\u00a0que otorga la Comisi\u00f3n de Medicina Preventiva e Invalidez (Compin) que debe ir al costado izquierdo del parabrisas.<\/p>\n\n\n\n<p>La\u00a0cruz de malta no es considerado como v\u00e1lido para el uso de estos espacios.<\/p>\n\n\n\n<p><strong>Ximena Rivas<\/strong>, directora general del Servicio Nacional de la Discapacidad (Senadis), remarc\u00f3 que \u00abtiene que quedar claro que\u00a0aunque la persona tenga evidente discapacidad,\u00a0si est\u00e1 ocupando el estacionamiento sin esto,\u00a0est\u00e1 cometiendo una infracci\u00f3n. Por tanto es importante que las personas cuenten con su credencial y\u00a0esa es la manera de fiscalizar\u00bb.<\/p>\n\n\n\n<p>La disposici\u00f3n legal\u00a0pasa de ser a \u00abmenos grave\u00bb a \u00abgrave\u00bb, y las multas\u00a0van desde los 49 mil hasta los 74 mil pesos.<\/p>\n\n\n\n<p>En el caso de los reincidentes en este tipo de faltas,\u00a0se les aplicar\u00e1 el doble de la multa anterior\u00a0e incluso, se le podr\u00eda llegar a\u00a0suspender o cancelar la licencia de conducir.<\/p>\n","protected":false},"excerpt":{"rendered":"<p>Las infracciones van desde una pena monetaria, hasta la suspensi\u00f3n o cancelaci\u00f3n de la licencia de conducir, en el caso de los reincidentes. Este jueves&hellip; <\/p>\n","protected":false},"author":2,"featured_media":20723,"comment_status":"open","ping_status":"closed","sticky":false,"template":"","format":"standard","meta":{"footnotes":""},"categories":[37],"tags":[],"class_list":["post-20722","post","type-post","status-publish","format-standard","has-post-thumbnail","hentry","category-nacional"],"_links":{"self":[{"href":"https:\/\/www.radioamigavallenar.cl\/index.php?rest_route=\/wp\/v2\/posts\/20722","targetHints":{"allow":["GET"]}}],"collection":[{"href":"https:\/\/www.radioamigavallenar.cl\/index.php?rest_route=\/wp\/v2\/posts"}],"about":[{"href":"https:\/\/www.radioamigavallenar.cl\/index.php?rest_route=\/wp\/v2\/types\/post"}],"author":[{"embeddable":true,"href":"https:\/\/www.radioamigavallenar.cl\/index.php?rest_route=\/wp\/v2\/users\/2"}],"replies":[{"embeddable":true,"href":"https:\/\/www.radioamigavallenar.cl\/index.php?rest_route=%2Fwp%2Fv2%2Fcomments&post=20722"}],"version-history":[{"count":0,"href":"https:\/\/www.radioamigavallenar.cl\/index.php?rest_route=\/wp\/v2\/posts\/20722\/revisions"}],"wp:featuredmedia":[{"embeddable":true,"href":"https:\/\/www.radioamigavallenar.cl\/index.php?rest_route=\/wp\/v2\/media\/20723"}],"wp:attachment":[{"href":"https:\/\/www.radioamigavallenar.cl\/index.php?rest_route=%2Fwp%2Fv2%2Fmedia&parent=20722"}],"wp:term":[{"taxonomy":"category","embeddable":true,"href":"https:\/\/www.radioamigavallenar.cl\/index.php?rest_route=%2Fwp%2Fv2%2Fcategories&post=20722"},{"taxonomy":"post_tag","embeddable":true,"href":"https:\/\/www.radioamigavallenar.cl\/index.php?rest_route=%2Fwp%2Fv2%2Ftags&post=20722"}],"curies":[{"name":"wp","href":"https:\/\/api.w.org\/{rel}","templated":true}]}}