{"id":20639,"date":"2020-02-04T10:18:29","date_gmt":"2020-02-04T13:18:29","guid":{"rendered":"https:\/\/www.radioamigavallenar.cl\/?p=20639"},"modified":"2020-02-04T10:18:30","modified_gmt":"2020-02-04T13:18:30","slug":"fundicion-paipote-ejecuta-con-exito-mantencion-y-proyecto-permitira-avanzar-su-desempeno-ambiental","status":"publish","type":"post","link":"https:\/\/www.radioamigavallenar.cl\/?p=20639","title":{"rendered":"Fundici\u00f3n Paipote ejecuta con \u00e9xito mantenci\u00f3n y proyecto permitir\u00e1 avanzar su desempe\u00f1o ambiental"},"content":{"rendered":"\n<div class=\"wp-block-image\"><figure class=\"aligncenter size-large\"><img loading=\"lazy\" decoding=\"async\" width=\"900\" height=\"600\" src=\"https:\/\/www.radioamigavallenar.cl\/wp-content\/uploads\/2020\/02\/RVJ469F-scaled-1.jpeg\" alt=\"\" class=\"wp-image-20640\" srcset=\"https:\/\/www.radioamigavallenar.cl\/wp-content\/uploads\/2020\/02\/RVJ469F-scaled-1.jpeg 900w, https:\/\/www.radioamigavallenar.cl\/wp-content\/uploads\/2020\/02\/RVJ469F-scaled-1-300x200.jpeg 300w, https:\/\/www.radioamigavallenar.cl\/wp-content\/uploads\/2020\/02\/RVJ469F-scaled-1-768x512.jpeg 768w\" sizes=\"auto, (max-width: 900px) 100vw, 900px\" \/><\/figure><\/div>\n\n\n\n<p><strong>La estatal finaliz\u00f3 la mantenci\u00f3n anual programada con la que construy\u00f3 la obra gruesa del proyecto de Adici\u00f3n de Carga Fr\u00eda que estar\u00eda operativo durante marzo. Tanto la campa\u00f1a como el proyecto de innovaci\u00f3n significaron una inversi\u00f3n total cercana a los US$ 15 millones.<\/strong><\/p>\n\n\n\n<p>Luego de 24 d\u00edas de trabajos continuados, y gracias al esfuerzo de m\u00e1s de 800 trabajadores y contratistas, la Empresa Nacional de Miner\u00eda (ENAMI) finaliz\u00f3 la mantenci\u00f3n anual programada de la fundici\u00f3n Hern\u00e1n Videla Lira, emplazada en Paipote; con la que la compa\u00f1\u00eda busca dar mayor sustentabilidad a las instalaciones que, en medio de estos trabajos, cumpli\u00f3 68 a\u00f1os al servicio de la peque\u00f1a y mediana miner\u00eda de la Regi\u00f3n de Atacama.<\/p>\n\n\n\n<p>La actual campa\u00f1a, que se extender\u00e1 por 18 meses \u2013hasta junio de 2021-, signific\u00f3 una inversi\u00f3n de US$ 10 millones, a la que se suman los US$ 5 millones destinados para la ejecuci\u00f3n de la obra gruesa del proyecto de Adici\u00f3n de Carga Fr\u00eda. Innovaci\u00f3n que permite a la estatal proyectar un 96% de captura emisiones de di\u00f3xido de azufre (So2) superando el 95% que exige la actual normativa ambiental.<\/p>\n\n\n\n<p>\u201cLo que queremos es que la fundici\u00f3n opere con mejores est\u00e1ndares, en ese sentido optimizamos los equipos de limpieza de gases y la infiltraci\u00f3n en los sistemas de manejos de gases, de forma que sean m\u00e1s eficientes en la captura de gases fugitivos y en los gases de procesos. Con la mantenci\u00f3n obtuvimos un tremendo avance, la idea es que podamos conseguir uno o dos puntos de captura de gases, que es bastante\u201d, coment\u00f3 el gerente de Fundici\u00f3n, Marcelo Bustos.<\/p>\n\n\n\n<p>Asimismo, sobre el proyecto de innovaci\u00f3n de Adici\u00f3n de Carga Fr\u00eda, el ejecutivo detall\u00f3 que se trata de un puente que atraviesa la nave de conversi\u00f3n mecanizando el sistema de alimentaci\u00f3n a los convertidores Pierce-Smith (CPS), amortiguando emisiones puntuales generadas en el proceso. \u201cLos trabajos significaron una maniobra delicada y de alto riesgo que incluy\u00f3, entre otras cosas, el uso de una gr\u00faa de 400 toneladas, algo bastante in\u00e9dito para la fundici\u00f3n\u201d,<\/p>\n\n\n\n<p>La fase de mantenci\u00f3n programada que concluy\u00f3 con \u00e9xito y sin accidentes que lamentar, marc\u00f3 tambi\u00e9n un hito relevante respecto a las condiciones clim\u00e1ticas en que debieron desenvolverse los m\u00e1s de 800 trabajadores y contratistas con temperaturas que bordearon los 40 grados. \u201cEstamos agradecidos de todos los trabajadores y contratistas, fue bastante heroica esta campa\u00f1a no solo por los trabajos que por lo general son complejos, sino tambi\u00e9n por el clima que fue una variable que si bien es cierto estaba prevista, fue mucho m\u00e1s agresivo de lo que pens\u00e1bamos\u201d, destac\u00f3 el ejecutivo.<\/p>\n","protected":false},"excerpt":{"rendered":"<p>La estatal finaliz\u00f3 la mantenci\u00f3n anual programada con la que construy\u00f3 la obra gruesa del proyecto de Adici\u00f3n de Carga Fr\u00eda que estar\u00eda operativo durante&hellip; <\/p>\n","protected":false},"author":2,"featured_media":20640,"comment_status":"open","ping_status":"closed","sticky":false,"template":"","format":"standard","meta":{"footnotes":""},"categories":[7,34],"tags":[],"class_list":["post-20639","post","type-post","status-publish","format-standard","has-post-thumbnail","hentry","category-atacama","category-mineria"],"_links":{"self":[{"href":"https:\/\/www.radioamigavallenar.cl\/index.php?rest_route=\/wp\/v2\/posts\/20639","targetHints":{"allow":["GET"]}}],"collection":[{"href":"https:\/\/www.radioamigavallenar.cl\/index.php?rest_route=\/wp\/v2\/posts"}],"about":[{"href":"https:\/\/www.radioamigavallenar.cl\/index.php?rest_route=\/wp\/v2\/types\/post"}],"author":[{"embeddable":true,"href":"https:\/\/www.radioamigavallenar.cl\/index.php?rest_route=\/wp\/v2\/users\/2"}],"replies":[{"embeddable":true,"href":"https:\/\/www.radioamigavallenar.cl\/index.php?rest_route=%2Fwp%2Fv2%2Fcomments&post=20639"}],"version-history":[{"count":0,"href":"https:\/\/www.radioamigavallenar.cl\/index.php?rest_route=\/wp\/v2\/posts\/20639\/revisions"}],"wp:featuredmedia":[{"embeddable":true,"href":"https:\/\/www.radioamigavallenar.cl\/index.php?rest_route=\/wp\/v2\/media\/20640"}],"wp:attachment":[{"href":"https:\/\/www.radioamigavallenar.cl\/index.php?rest_route=%2Fwp%2Fv2%2Fmedia&parent=20639"}],"wp:term":[{"taxonomy":"category","embeddable":true,"href":"https:\/\/www.radioamigavallenar.cl\/index.php?rest_route=%2Fwp%2Fv2%2Fcategories&post=20639"},{"taxonomy":"post_tag","embeddable":true,"href":"https:\/\/www.radioamigavallenar.cl\/index.php?rest_route=%2Fwp%2Fv2%2Ftags&post=20639"}],"curies":[{"name":"wp","href":"https:\/\/api.w.org\/{rel}","templated":true}]}}