{"id":20610,"date":"2020-02-03T13:06:06","date_gmt":"2020-02-03T16:06:06","guid":{"rendered":"https:\/\/www.radioamigavallenar.cl\/?p=20610"},"modified":"2020-02-03T13:06:07","modified_gmt":"2020-02-03T16:06:07","slug":"bienes-nacionales-realizara-nuevo-catastro-en-el-borde-costero-de-la-zona","status":"publish","type":"post","link":"https:\/\/www.radioamigavallenar.cl\/?p=20610","title":{"rendered":"Bienes Nacionales realizar\u00e1 nuevo catastro en el borde costero de la zona"},"content":{"rendered":"\n<div class=\"wp-block-image\"><figure class=\"aligncenter size-large\"><img loading=\"lazy\" decoding=\"async\" width=\"710\" height=\"399\" src=\"https:\/\/www.radioamigavallenar.cl\/wp-content\/uploads\/2020\/02\/file_20190910031819.jpg\" alt=\"\" class=\"wp-image-20611\" srcset=\"https:\/\/www.radioamigavallenar.cl\/wp-content\/uploads\/2020\/02\/file_20190910031819.jpg 710w, https:\/\/www.radioamigavallenar.cl\/wp-content\/uploads\/2020\/02\/file_20190910031819-300x169.jpg 300w\" sizes=\"auto, (max-width: 710px) 100vw, 710px\" \/><\/figure><\/div>\n\n\n\n<p><strong>El primer estudio no contaba con informaci\u00f3n detallada, indicaron desde la Contralor\u00eda General de la Rep\u00fablica.<\/strong><\/p>\n\n\n\n<p>Luego que la Contralor\u00eda General de la Rep\u00fablica afirmara en septiembre pasado que el primer catastro no contaba con informaci\u00f3n detallada, desde Bienes Nacionales informaron que se encuentran en b\u00fasqueda de recursos para la realizaci\u00f3n de un nuevo estudio en el borde costero para&nbsp; Atacama.<\/p>\n\n\n\n<p>El\u00a0 informe de Contralor\u00eda de septiembre de 2019 se indic\u00f3 que \u201cel catastro de ocupaciones ilegales o irregulares en el borde costero de la Regi\u00f3n de Atacama, evidenci\u00f3 que en los casos en que exist\u00edan ocupantes en dichos terrenos, ninguno de estos fue individualizado por nombre o con su n\u00famero de su c\u00e9dula de identidad, debido a que el mencionado registro fue realizado de manera aerofotogram\u00e9trica, con drones\u201d<strong>.<\/strong><\/p>\n\n\n\n<p>Se a\u00f1ade que desde la Seremi de esta cartera en la regi\u00f3n, dijeron que&nbsp;\u201cel catastro anterior sirve como antecedente base para el an\u00e1lisis de asentamiento y cuantificaci\u00f3n del mismo, siendo uno de los insumos m\u00e1s relevantes al momento de planificar territorio, m\u00e1s a\u00fan, si este es uno de los criterios establecidos en la resoluci\u00f3n que aprueba el Plan de Normalizaci\u00f3n y Gesti\u00f3n. Los datos faltantes se refieren, espec\u00edficamente, a la individualizaci\u00f3n de los ocupantes, lo cual, una vez elaborado nos permitir\u00e1 superponer la informaci\u00f3n para an\u00e1lisis\u201d<\/p>\n\n\n\n<p class=\"has-text-align-center\"><strong>USO DE DRONE<\/strong><\/p>\n\n\n\n<p>Mencionar que dicho catastro se utiliz\u00f3 por primera vez en Chile,&nbsp; un drone que recorri\u00f3 un total de 2.255 hect\u00e1reas en las comunas de Cha\u00f1aral, Caldera, Freirina y Huasco.<\/p>\n","protected":false},"excerpt":{"rendered":"<p>El primer estudio no contaba con informaci\u00f3n detallada, indicaron desde la Contralor\u00eda General de la Rep\u00fablica. Luego que la Contralor\u00eda General de la Rep\u00fablica afirmara&hellip; <\/p>\n","protected":false},"author":2,"featured_media":20611,"comment_status":"open","ping_status":"closed","sticky":false,"template":"","format":"standard","meta":{"footnotes":""},"categories":[7],"tags":[],"class_list":["post-20610","post","type-post","status-publish","format-standard","has-post-thumbnail","hentry","category-atacama"],"_links":{"self":[{"href":"https:\/\/www.radioamigavallenar.cl\/index.php?rest_route=\/wp\/v2\/posts\/20610","targetHints":{"allow":["GET"]}}],"collection":[{"href":"https:\/\/www.radioamigavallenar.cl\/index.php?rest_route=\/wp\/v2\/posts"}],"about":[{"href":"https:\/\/www.radioamigavallenar.cl\/index.php?rest_route=\/wp\/v2\/types\/post"}],"author":[{"embeddable":true,"href":"https:\/\/www.radioamigavallenar.cl\/index.php?rest_route=\/wp\/v2\/users\/2"}],"replies":[{"embeddable":true,"href":"https:\/\/www.radioamigavallenar.cl\/index.php?rest_route=%2Fwp%2Fv2%2Fcomments&post=20610"}],"version-history":[{"count":0,"href":"https:\/\/www.radioamigavallenar.cl\/index.php?rest_route=\/wp\/v2\/posts\/20610\/revisions"}],"wp:featuredmedia":[{"embeddable":true,"href":"https:\/\/www.radioamigavallenar.cl\/index.php?rest_route=\/wp\/v2\/media\/20611"}],"wp:attachment":[{"href":"https:\/\/www.radioamigavallenar.cl\/index.php?rest_route=%2Fwp%2Fv2%2Fmedia&parent=20610"}],"wp:term":[{"taxonomy":"category","embeddable":true,"href":"https:\/\/www.radioamigavallenar.cl\/index.php?rest_route=%2Fwp%2Fv2%2Fcategories&post=20610"},{"taxonomy":"post_tag","embeddable":true,"href":"https:\/\/www.radioamigavallenar.cl\/index.php?rest_route=%2Fwp%2Fv2%2Ftags&post=20610"}],"curies":[{"name":"wp","href":"https:\/\/api.w.org\/{rel}","templated":true}]}}