{"id":20606,"date":"2020-02-03T10:03:20","date_gmt":"2020-02-03T13:03:20","guid":{"rendered":"https:\/\/www.radioamigavallenar.cl\/?p=20606"},"modified":"2020-02-03T10:03:22","modified_gmt":"2020-02-03T13:03:22","slug":"demre-alista-nueva-tanda-de-la-psu-mientras-rectores-vivaldi-y-galindo-apuestan-por-cambio-a-prueba","status":"publish","type":"post","link":"https:\/\/www.radioamigavallenar.cl\/?p=20606","title":{"rendered":"Demre alista nueva tanda de la PSU, mientras rectores Vivaldi y Galindo apuestan por cambio a prueba"},"content":{"rendered":"\n<div class=\"wp-block-image\"><figure class=\"aligncenter size-large\"><img loading=\"lazy\" decoding=\"async\" width=\"750\" height=\"400\" src=\"https:\/\/www.radioamigavallenar.cl\/wp-content\/uploads\/2020\/02\/demre-alista-nueva-tanda-de-la-psu-mientras-rectores-vivaldi-y-galindo-apuestan-por-cambio-a-prueba-750x400-1.jpg\" alt=\"\" class=\"wp-image-20607\" srcset=\"https:\/\/www.radioamigavallenar.cl\/wp-content\/uploads\/2020\/02\/demre-alista-nueva-tanda-de-la-psu-mientras-rectores-vivaldi-y-galindo-apuestan-por-cambio-a-prueba-750x400-1.jpg 750w, https:\/\/www.radioamigavallenar.cl\/wp-content\/uploads\/2020\/02\/demre-alista-nueva-tanda-de-la-psu-mientras-rectores-vivaldi-y-galindo-apuestan-por-cambio-a-prueba-750x400-1-300x160.jpg 300w\" sizes=\"auto, (max-width: 750px) 100vw, 750px\" \/><\/figure><\/div>\n\n\n\n<p>Este mediod\u00eda se espera que el Demre d\u00e9 a conocer los establecimientos que ser\u00e1n sede de la\u00a0tercera tanda de rendici\u00f3n de la PSU. Esta nueva ronda -fijada para este pr\u00f3ximo 4 y 5 de febrero- esta antecedida por los problemas vividos en enero y por los dichos de los rectores de las universidades de Chile y Austral, quienes apuestan por cambiar el proceso de admisi\u00f3n.<\/p>\n\n\n\n<p>\u201cA nosotros nunca nos ha gustado la PSU\u201d, dijo, por ejemplo, el mandam\u00e1s de la casa de estudios capitalina, Ennio Vivaldi, en entrevista con El Mercurio.<\/p>\n\n\n\n<p>En la oportunidad, detall\u00f3 que con el reemplazo de la Prueba de Aptitud Acad\u00e9mica se vio que la PSU era mucho m\u00e1s segregadora\u00a0y sostuvo que como universidad han propuesto alternativas mucho mejores.<\/p>\n\n\n\n<p>Su par de la universidad Austral \u00d3scar Galindo coincidi\u00f3, al agregar que la prueba actual debe ser reformada por un proceso de admisi\u00f3n que pueda<strong>\u00a0<\/strong>evaluar otro tipo de competencias.<\/p>\n\n\n\n<p>\u201cHa sido parte del debate durante este \u00faltimo a\u00f1o (\u2026) La PSU tiene que rectificarse con otras materias, con otra evaluaci\u00f3n\u201d, sostuvo.<\/p>\n\n\n\n<figure class=\"wp-block-image\"><img decoding=\"async\" src=\"https:\/\/media.biobiochile.cl\/wp-content\/uploads\/2020\/02\/ennio-vivaldi-y-emilia-schneider-cambios-a-la-psu-1090x768.jpg\" alt=\"Ennio Vivaldi y Emilia Schneider | Archivo | Agencia UNO\" class=\"wp-image-4446289\"\/><\/figure>\n\n\n\n<h2 class=\"has-text-align-center wp-block-heading\">La propuesta del Demre<\/h2>\n\n\n\n<p>Los dichos de los acad\u00e9micos no son casual. El pasado jueves BioBioChile recogi\u00f3 la propuesta del Demre para eliminar la PSU, la que comprende tres pruebas de selecci\u00f3n: Competencia Lectora, Competencia Matem\u00e1tica y Competencia Cient\u00edfica.<\/p>\n\n\n\n<p>Adem\u00e1s, proponen dos test de Caracterizaci\u00f3n de Competencia, a\u00f1adiendo tambi\u00e9n un Cuestionario de Habilidades Transversales.<\/p>\n\n\n\n<p>La propuesta se viene desarrollando desde 2017 a trav\u00e9s de un largo proyecto de investigaci\u00f3n que ha contemplado di\u00e1logo con expertos y actores sociales.<\/p>\n\n\n\n<p>Fue presentada en junio de 2019 a trav\u00e9s de un seminario, donde participaron autoridades del Ministerio de Educaci\u00f3n, adem\u00e1s se realiz\u00f3 una exposici\u00f3n en la Comisi\u00f3n de Educaci\u00f3n de la C\u00e1mara de Diputados el pasado 1 de julio, donde se detallaron los pr\u00f3ximos pasos de la propuesta.<\/p>\n\n\n\n<p>Dichas etapas son una aplicaci\u00f3n a gran escala y el establecimiento de una agenda de cambios, en l\u00ednea con las recomendaciones de expertos.<\/p>\n\n\n\n<p>El prototipo elaborado por el Demre busca evaluar competencias y habilidades, centrales en el\u00a0curr\u00edculo escolar de 7\u00b0 B\u00e1sico a 2\u00b0 Medio<strong>.<\/strong><\/p>\n\n\n\n<p>A diferencia de la PSU, estas pruebas distinguen las modalidades educativas de la ense\u00f1anza secundaria, es decir, la humanista-cient\u00edfica (HC) y t\u00e9cnico-profesional (TP).<\/p>\n\n\n\n<h2 class=\"has-text-align-center wp-block-heading\">\u201cM\u00ednimo sentido com\u00fan\u201d<\/h2>\n\n\n\n<p>Pero m\u00e1s all\u00e1 de las intenciones de los rectores y del Demre, las agrupaciones sociales movilizadas piden que los cambios sean pronto.<\/p>\n\n\n\n<p>Ejemplo de ello es lo mencionado por el presidente del Colegio de Profesores, Mario Aguilar, quien asegur\u00f3 que lo mencionado por Vivaldi es de&nbsp;<strong>\u201cun m\u00ednimo sentido com\u00fan\u201d<\/strong>.\u201cLamento que el rector reci\u00e9n ahora diga p\u00fablicamente que la Universidad de Chile siempre ha estado en contra. Habr\u00eda sido muy bueno haberlo hecho p\u00fablico antes. En ese sentido es donde el Consejo de Rectores peca de poca proactividad\u201d.- Mario Aguilar, presidente de Colegio de Profesores<a><\/a><\/p>\n\n\n\n<p>\u201cEste a\u00f1o tiene que generarse un nuevo sistema de admisi\u00f3n por uno m\u00e1s integral\u201d, acot\u00f3.<\/p>\n\n\n\n<p>Quien tambi\u00e9n tuvo una voz cr\u00edtica fue la presidenta de la FECH, Emilia Schneider. Al respecto, asegur\u00f3 que adem\u00e1s de generar un nuevo sistema de admisi\u00f3n se debe fortalecer la educaci\u00f3n p\u00fablica en el pa\u00eds.<\/p>\n\n\n\n<p><strong>\u201cNo da para m\u00e1s\u201d<\/strong>, sostuvo.<\/p>\n\n\n\n<h2 class=\"has-text-align-center wp-block-heading\">No est\u00e1n las condiciones<\/h2>\n\n\n\n<p>La presidenta de la Coordinadora Nacional de Estudiantes Secundarios (Cones), Valentina Miranda, asever\u00f3, en tanto, que\u00a0no hay condiciones para rendir la PSU, \u201cpor el simple hecho que estamos en medio de una revuelta popular, que no s\u00f3lo ha escalado en violencia sino que permite que hoy Carabineros resguarde\u201d.<\/p>\n\n\n\n<p>\u201cEstamos en proceso de generar un recurso de protecci\u00f3n colectivo para todos aquellos estudiantes que se vieron afectados en este segundo proceso\u201d, agreg\u00f3.<\/p>\n\n\n\n<p>\u201cLas autoridades del Cruch y el Demre han sido inoperantes frente a las demandas de los estudiantes secundarios, por lo que\u00a0vamos a salir a denunciar con todo para evitar que los puntajes (PSU) sean v\u00e1lidos. Este a\u00f1o se va a segregar m\u00e1s que los a\u00f1os anteriores\u201d, sentenci\u00f3.<\/p>\n\n\n\n<figure class=\"wp-block-image\"><img decoding=\"async\" src=\"https:\/\/media.biobiochile.cl\/wp-content\/uploads\/2020\/02\/valentina-miranda-cones-cambios-a-la-psu-1152x768.jpg\" alt=\"Archivo | Agencia UNO\" class=\"wp-image-4446288\"\/><\/figure>\n\n\n\n<p>Los dichos de Miranda coinciden con lo mencionado por la vocera de la Asamblea Coordinadora de Estudiantes Secundarios (ACES), Ayel\u00e9n Salgado, quien tras el t\u00e9rmino de la segunda ronda acus\u00f3 al Demre de \u201cboicotearse solo\u201d, debido a las denuncias expresadas por redes sociales por j\u00f3venes, en relaci\u00f3n a que a algunos de ellos los cambiaron de sede y que carabineros no los han dejado pasar a los locales de rendici\u00f3n o han dificultado su acceso.<\/p>\n\n\n\n<p>Precisamente para evitar nuevas complicaciones, el Gobierno tom\u00f3 sus prevenciones. As\u00ed lo anunci\u00f3 el subsecretario del Interior, Juan Francisco Galli, quien dio a conocer que a partir de este fin de semana Carabineros comenz\u00f3 a resguardar los distintos establecimientos de rendici\u00f3n de la PSU.<\/p>\n\n\n\n<p>\u201cNuestro rol es resguardar el derecho de las personas a acceder a la educaci\u00f3n superior en circunstancias de orden p\u00fablico. Para ello, hemos coordinado acciones con el Demre, que van desde el<strong>\u00a0<\/strong>resguardo de las calles con un cerco perimetral, hasta el control del acceso a los colegios\u201d, indic\u00f3.<\/p>\n","protected":false},"excerpt":{"rendered":"<p>Este mediod\u00eda se espera que el Demre d\u00e9 a conocer los establecimientos que ser\u00e1n sede de la\u00a0tercera tanda de rendici\u00f3n de la PSU. Esta nueva&hellip; <\/p>\n","protected":false},"author":2,"featured_media":20607,"comment_status":"open","ping_status":"closed","sticky":false,"template":"","format":"standard","meta":{"footnotes":""},"categories":[37],"tags":[],"class_list":["post-20606","post","type-post","status-publish","format-standard","has-post-thumbnail","hentry","category-nacional"],"_links":{"self":[{"href":"https:\/\/www.radioamigavallenar.cl\/index.php?rest_route=\/wp\/v2\/posts\/20606","targetHints":{"allow":["GET"]}}],"collection":[{"href":"https:\/\/www.radioamigavallenar.cl\/index.php?rest_route=\/wp\/v2\/posts"}],"about":[{"href":"https:\/\/www.radioamigavallenar.cl\/index.php?rest_route=\/wp\/v2\/types\/post"}],"author":[{"embeddable":true,"href":"https:\/\/www.radioamigavallenar.cl\/index.php?rest_route=\/wp\/v2\/users\/2"}],"replies":[{"embeddable":true,"href":"https:\/\/www.radioamigavallenar.cl\/index.php?rest_route=%2Fwp%2Fv2%2Fcomments&post=20606"}],"version-history":[{"count":0,"href":"https:\/\/www.radioamigavallenar.cl\/index.php?rest_route=\/wp\/v2\/posts\/20606\/revisions"}],"wp:featuredmedia":[{"embeddable":true,"href":"https:\/\/www.radioamigavallenar.cl\/index.php?rest_route=\/wp\/v2\/media\/20607"}],"wp:attachment":[{"href":"https:\/\/www.radioamigavallenar.cl\/index.php?rest_route=%2Fwp%2Fv2%2Fmedia&parent=20606"}],"wp:term":[{"taxonomy":"category","embeddable":true,"href":"https:\/\/www.radioamigavallenar.cl\/index.php?rest_route=%2Fwp%2Fv2%2Fcategories&post=20606"},{"taxonomy":"post_tag","embeddable":true,"href":"https:\/\/www.radioamigavallenar.cl\/index.php?rest_route=%2Fwp%2Fv2%2Ftags&post=20606"}],"curies":[{"name":"wp","href":"https:\/\/api.w.org\/{rel}","templated":true}]}}