{"id":20531,"date":"2020-01-31T00:00:00","date_gmt":"2020-01-31T03:00:00","guid":{"rendered":"https:\/\/www.radioamigavallenar.cl\/?p=20531"},"modified":"2020-01-30T23:53:16","modified_gmt":"2020-01-31T02:53:16","slug":"cochilco-informa-su-nueva-proyeccion-de-precio-del-cobre-para-2020","status":"publish","type":"post","link":"https:\/\/www.radioamigavallenar.cl\/?p=20531","title":{"rendered":"Cochilco informa su nueva proyecci\u00f3n de precio del cobre para 2020"},"content":{"rendered":"\n<div class=\"wp-block-image\"><figure class=\"aligncenter size-large\"><img loading=\"lazy\" decoding=\"async\" width=\"613\" height=\"447\" src=\"https:\/\/www.radioamigavallenar.cl\/wp-content\/uploads\/2020\/01\/catodos-1.jpg\" alt=\"\" class=\"wp-image-20532\" srcset=\"https:\/\/www.radioamigavallenar.cl\/wp-content\/uploads\/2020\/01\/catodos-1.jpg 613w, https:\/\/www.radioamigavallenar.cl\/wp-content\/uploads\/2020\/01\/catodos-1-300x219.jpg 300w\" sizes=\"auto, (max-width: 613px) 100vw, 613px\" \/><\/figure><\/div>\n\n\n\n<p>Cochilco dio a conocer este jueves las principales conclusiones del\u00a0Informe de Tendencias del Mercado Internacional del Cobre, correspondiente al cuarto trimestre de 2019, que contiene las proyecciones de la Instituci\u00f3n sobre precio del cobre, demanda y oferta del metal para los a\u00f1os 2020 y 2021.<\/p>\n\n\n\n<p>Cochilco inform\u00f3 que para este a\u00f1o proyecta un<strong>\u00a0<\/strong>precio promedio de US$ 2,85 la libra, lo que implica un\u00a0alza de 13 centavos de d\u00f3lar respecto del cierre de 2019\u00a0que fue de US$ 2,72 la libra. Mientras que\u00a0para 2021 tambi\u00e9n prev\u00e9 un aumento, llegando a un valor promedio del\u00a0commoditie\u00a0de\u00a0US$ 2,95 la libra.<\/p>\n\n\n\n<p>El director de Estudios y Pol\u00edticas P\u00fablicas (S),&nbsp;<strong>V\u00edctor Garay,<\/strong>&nbsp;explic\u00f3 que Cochilco pronostica un alza del precio del cobre para este a\u00f1o, respecto de la actual cotizaci\u00f3n, dada la<strong>&nbsp;mayor estabilidad econ\u00f3mica mundial<\/strong>&nbsp;generada tras el acuerdo comercial suscrito entre Estados Unidos y China, pero que la velocidad de recuperaci\u00f3n depender\u00e1 del cumplimiento de dicho acuerdo; as\u00ed como del crecimiento de la econom\u00eda asi\u00e1tica. Agreg\u00f3 que a este contexto hay que sumar nuevos factores que generan incertidumbre en el mercado como lo son la actual&nbsp;<strong>tensi\u00f3n geopol\u00edtica entre Estados Unidos e Ir\u00e1n<\/strong>, y el&nbsp;<strong>surgimiento del Coronavirus en China<\/strong>.<\/p>\n\n\n\n<p>\u201cSin perjuicio de que existen ciertos hechos -que tienen que ver con el consumo- que est\u00e1n ocurriendo a nivel global y que naturalmente tienen efectos en la econom\u00eda nacional, Cochilco prev\u00e9 para los pr\u00f3ximos meses una\u00a0mejor proyecci\u00f3n del precio del cobre, es decir, un mayor consumo de \u00e9ste y otros minerales. Considerando las macrotendencias econ\u00f3micas, como la\u00a0electromovilidad, las ERNC,\u00a0entre otras, el cobre y otros minerales seguir\u00e1n siendo fundamentales, por lo tanto, el sesgo al alza que se vislumbra para 2021 es una buena noticia para el pa\u00eds\u201d, se\u00f1al\u00f3 el subsecretario de Miner\u00eda,\u00a0Ricardo Irarr\u00e1zabal.<\/p>\n\n\n\n<h3 class=\"has-text-align-center wp-block-heading\">Oferta y demanda de cobre<\/h3>\n\n\n\n<p>\u200bRespecto de la situaci\u00f3n de demanda de cobre mundial, el director de Estudios y Pol\u00edticas P\u00fablicas (S) se\u00f1al\u00f3 que durante 2019 no se registr\u00f3 crecimiento pero que para el periodo 2020-2021 se prev\u00e9 una lenta recuperaci\u00f3n.<\/p>\n\n\n\n<p>\u201cEsta pausada mejor\u00eda se producir\u00eda pese a que factores coyunturales como el Coronavirus en China y la tensi\u00f3n entre Estados Unidos e Ir\u00e1n que est\u00e1n generando inestabilidad en el precio. Para el mediano plazo se prev\u00e9 un contexto econ\u00f3mico m\u00e1s estable tras el acuerdo comercial suscrito entre Estados Unidos y China, \u00a0as\u00ed como expectativas de un nuevo acuerdo que eventualmente eliminar\u00eda los aranceles impuestos por Estados Unidos., permitiendo avanzar hacia un\u00a0creciente grado de normalizaci\u00f3n de flujos comerciales globales, la principal fuente de crecimiento de los consumidores del metal. A esto se suman las\u00a0crecientes restricciones a las importaciones de chatarra de cobre por parte de China, conjuntamente con la continua expansi\u00f3n de la capacidad de fundici\u00f3n\u201d, explic\u00f3.<\/p>\n\n\n\n<p>En relaci\u00f3n a la<strong>\u00a0<\/strong>oferta mundial del cobre, el experto de Cochilco se\u00f1al\u00f3 que el a\u00f1o pasado la\u00a0producci\u00f3n mundial de cobre se expandi\u00f3 0,8%\u00a0debido a la baja productiva en Zambia, Indonesia y en menor medida en Chile.\u00a0Para el periodo 2020 y 2021 de prev\u00e9 una recuperaci\u00f3n de la oferta de 1,1% y 2,6%, respectivamente, siendo Zambia, Indonesia y Per\u00fa los aportantes m\u00e1s relevantes de esta nueva oferta de cobre.<\/p>\n\n\n\n<p>El reporte de Cochilco se\u00f1ala un\u00a0alza de la demanda de cobre de China de 1,2%\u00a0para 2020 y 2021.<\/p>\n\n\n\n<p>En el caso de\u00a0Chile, se prev\u00e9 que la\u00a0producci\u00f3n de cobre llegue a 5,87 millones de toneladas en 2020, esto es 1,5% m\u00e1s que el a\u00f1o anterior; y a\u00a05,91 millones de toneladas en 2021, lo que representa un alza de 0,7%.<\/p>\n\n\n\n<p>Respecto al balance mundial del mercado del cobre, el director de Estudios y Pol\u00edticas P\u00fablicas (S) se\u00f1al\u00f3 que \u201cdurante 2019 predomin\u00f3 una condici\u00f3n de ligero super\u00e1vit de cobre, de 50 mil toneladas, equivalente a un d\u00eda de consumo global.\u00a0Para 2020 se prev\u00e9 una condici\u00f3n de d\u00e9ficit, inducida tanto por la recuperaci\u00f3n de la demanda global de metal, el lento crecimiento de la oferta y una menor producci\u00f3n de cobre secundario, proveniente del procesamiento de chatarra. Esta condici\u00f3n de mercado se revertir\u00e1 en\u00a02021\u00a0cuando se producir\u00eda un\u00a0super\u00e1vit de 88 mil toneladas\u201d, explic\u00f3 V\u00edctor Garay.<\/p>\n","protected":false},"excerpt":{"rendered":"<p>Cochilco dio a conocer este jueves las principales conclusiones del\u00a0Informe de Tendencias del Mercado Internacional del Cobre, correspondiente al cuarto trimestre de 2019, que contiene&hellip; <\/p>\n","protected":false},"author":2,"featured_media":20532,"comment_status":"open","ping_status":"closed","sticky":false,"template":"","format":"standard","meta":{"footnotes":""},"categories":[34],"tags":[],"class_list":["post-20531","post","type-post","status-publish","format-standard","has-post-thumbnail","hentry","category-mineria"],"_links":{"self":[{"href":"https:\/\/www.radioamigavallenar.cl\/index.php?rest_route=\/wp\/v2\/posts\/20531","targetHints":{"allow":["GET"]}}],"collection":[{"href":"https:\/\/www.radioamigavallenar.cl\/index.php?rest_route=\/wp\/v2\/posts"}],"about":[{"href":"https:\/\/www.radioamigavallenar.cl\/index.php?rest_route=\/wp\/v2\/types\/post"}],"author":[{"embeddable":true,"href":"https:\/\/www.radioamigavallenar.cl\/index.php?rest_route=\/wp\/v2\/users\/2"}],"replies":[{"embeddable":true,"href":"https:\/\/www.radioamigavallenar.cl\/index.php?rest_route=%2Fwp%2Fv2%2Fcomments&post=20531"}],"version-history":[{"count":0,"href":"https:\/\/www.radioamigavallenar.cl\/index.php?rest_route=\/wp\/v2\/posts\/20531\/revisions"}],"wp:featuredmedia":[{"embeddable":true,"href":"https:\/\/www.radioamigavallenar.cl\/index.php?rest_route=\/wp\/v2\/media\/20532"}],"wp:attachment":[{"href":"https:\/\/www.radioamigavallenar.cl\/index.php?rest_route=%2Fwp%2Fv2%2Fmedia&parent=20531"}],"wp:term":[{"taxonomy":"category","embeddable":true,"href":"https:\/\/www.radioamigavallenar.cl\/index.php?rest_route=%2Fwp%2Fv2%2Fcategories&post=20531"},{"taxonomy":"post_tag","embeddable":true,"href":"https:\/\/www.radioamigavallenar.cl\/index.php?rest_route=%2Fwp%2Fv2%2Ftags&post=20531"}],"curies":[{"name":"wp","href":"https:\/\/api.w.org\/{rel}","templated":true}]}}