{"id":20495,"date":"2020-01-30T00:00:00","date_gmt":"2020-01-30T03:00:00","guid":{"rendered":"https:\/\/www.radioamigavallenar.cl\/?p=20495"},"modified":"2020-01-29T21:27:54","modified_gmt":"2020-01-30T00:27:54","slug":"camara-aprobo-reforma-tributaria-y-la-despacho-al-senado","status":"publish","type":"post","link":"https:\/\/www.radioamigavallenar.cl\/?p=20495","title":{"rendered":"C\u00e1mara aprob\u00f3 reforma tributaria y la despach\u00f3 al Senado"},"content":{"rendered":"\n<div class=\"wp-block-image\"><figure class=\"aligncenter size-large\"><img loading=\"lazy\" decoding=\"async\" width=\"1024\" height=\"576\" src=\"https:\/\/www.radioamigavallenar.cl\/wp-content\/uploads\/2020\/01\/DIPUTADOS-1-1024x576.jpg\" alt=\"\" class=\"wp-image-20496\" srcset=\"https:\/\/www.radioamigavallenar.cl\/wp-content\/uploads\/2020\/01\/DIPUTADOS-1-1024x576.jpg 1024w, https:\/\/www.radioamigavallenar.cl\/wp-content\/uploads\/2020\/01\/DIPUTADOS-1-300x169.jpg 300w, https:\/\/www.radioamigavallenar.cl\/wp-content\/uploads\/2020\/01\/DIPUTADOS-1-768x432.jpg 768w, https:\/\/www.radioamigavallenar.cl\/wp-content\/uploads\/2020\/01\/DIPUTADOS-1.jpg 1130w\" sizes=\"auto, (max-width: 1024px) 100vw, 1024px\" \/><\/figure><\/div>\n\n\n\n<p>Con 97 votos a favor, los diputados aprobaron el informe de la comisi\u00f3n mixta.<\/p>\n\n\n\n<p>La\u00a0C\u00e1mara de Diputados aprob\u00f3 el informe de la comisi\u00f3n mixta y despach\u00f3 al Senado la Reforma Tributaria del Gobierno.<\/p>\n\n\n\n<p>El informe logr\u00f3\u00a0<strong>97<\/strong> votos a favor, 33 en contra y tres abstenciones, por lo que hoy mismo ser\u00e1 debatido en la C\u00e1mara Alta.<\/p>\n\n\n\n<p>Se dio el visto bueno a la propuesta de la comisi\u00f3n mixta respecto de las reclamaciones sobre los impuestos verdes, que se podr\u00e1n hacer ante los&nbsp;Tribunales Ambientales y la Superintendencia del Medio Ambiente\u200b.<\/p>\n\n\n\n<p>Ayer el ministro de Hacienda,\u00a0Ignacio Briones, destac\u00f3 que \u00abesta reforma recauda casi 1 punto del PIB y es una\u00a0reforma progresiva porque afecta a las m\u00e1s altas rentas del pa\u00eds\u00ab.<\/p>\n\n\n\n<p>De ser aprobada en el Senado, el Gobierno estima que la reforma tributaria sea publicada en el&nbsp;<em>Diario Oficial<\/em>&nbsp;a fines de febrero o principios de marzo.<\/p>\n","protected":false},"excerpt":{"rendered":"<p>Con 97 votos a favor, los diputados aprobaron el informe de la comisi\u00f3n mixta. La\u00a0C\u00e1mara de Diputados aprob\u00f3 el informe de la comisi\u00f3n mixta y&hellip; <\/p>\n","protected":false},"author":2,"featured_media":20496,"comment_status":"open","ping_status":"closed","sticky":false,"template":"","format":"standard","meta":{"footnotes":""},"categories":[37],"tags":[],"class_list":["post-20495","post","type-post","status-publish","format-standard","has-post-thumbnail","hentry","category-nacional"],"_links":{"self":[{"href":"https:\/\/www.radioamigavallenar.cl\/index.php?rest_route=\/wp\/v2\/posts\/20495","targetHints":{"allow":["GET"]}}],"collection":[{"href":"https:\/\/www.radioamigavallenar.cl\/index.php?rest_route=\/wp\/v2\/posts"}],"about":[{"href":"https:\/\/www.radioamigavallenar.cl\/index.php?rest_route=\/wp\/v2\/types\/post"}],"author":[{"embeddable":true,"href":"https:\/\/www.radioamigavallenar.cl\/index.php?rest_route=\/wp\/v2\/users\/2"}],"replies":[{"embeddable":true,"href":"https:\/\/www.radioamigavallenar.cl\/index.php?rest_route=%2Fwp%2Fv2%2Fcomments&post=20495"}],"version-history":[{"count":0,"href":"https:\/\/www.radioamigavallenar.cl\/index.php?rest_route=\/wp\/v2\/posts\/20495\/revisions"}],"wp:featuredmedia":[{"embeddable":true,"href":"https:\/\/www.radioamigavallenar.cl\/index.php?rest_route=\/wp\/v2\/media\/20496"}],"wp:attachment":[{"href":"https:\/\/www.radioamigavallenar.cl\/index.php?rest_route=%2Fwp%2Fv2%2Fmedia&parent=20495"}],"wp:term":[{"taxonomy":"category","embeddable":true,"href":"https:\/\/www.radioamigavallenar.cl\/index.php?rest_route=%2Fwp%2Fv2%2Fcategories&post=20495"},{"taxonomy":"post_tag","embeddable":true,"href":"https:\/\/www.radioamigavallenar.cl\/index.php?rest_route=%2Fwp%2Fv2%2Ftags&post=20495"}],"curies":[{"name":"wp","href":"https:\/\/api.w.org\/{rel}","templated":true}]}}