{"id":20492,"date":"2020-01-30T00:00:00","date_gmt":"2020-01-30T03:00:00","guid":{"rendered":"https:\/\/www.radioamigavallenar.cl\/?p=20492"},"modified":"2020-01-29T21:26:32","modified_gmt":"2020-01-30T00:26:32","slug":"cruch-confirmo-tercer-intento-con-los-jovenes-que-aun-no-pueden-dar-la-psu","status":"publish","type":"post","link":"https:\/\/www.radioamigavallenar.cl\/?p=20492","title":{"rendered":"Cruch confirm\u00f3 tercer intento con los j\u00f3venes que a\u00fan no pueden dar la PSU"},"content":{"rendered":"\n<div class=\"wp-block-image\"><figure class=\"aligncenter size-large\"><img loading=\"lazy\" decoding=\"async\" width=\"1000\" height=\"667\" src=\"https:\/\/www.radioamigavallenar.cl\/wp-content\/uploads\/2020\/01\/PSU_2.jpg\" alt=\"\" class=\"wp-image-20493\" srcset=\"https:\/\/www.radioamigavallenar.cl\/wp-content\/uploads\/2020\/01\/PSU_2.jpg 1000w, https:\/\/www.radioamigavallenar.cl\/wp-content\/uploads\/2020\/01\/PSU_2-300x200.jpg 300w, https:\/\/www.radioamigavallenar.cl\/wp-content\/uploads\/2020\/01\/PSU_2-768x512.jpg 768w\" sizes=\"auto, (max-width: 1000px) 100vw, 1000px\" \/><\/figure><\/div>\n\n\n\n<p>Las pruebas pendientes se tomar\u00e1n el martes 4 y mi\u00e9rcoles 5 de febrero a las 10:00 de la ma\u00f1ana.<\/p>\n\n\n\n<p>El<strong>\u00a0<\/strong>Consejo de Rectores de las Universidades Chilenas\u00a0decidi\u00f3 ayer mi\u00e9rcoles dar curso al\u00a0anunciado \u00abPlan C\u00bb de rendici\u00f3n de la PSU; es decir,\u00a0los j\u00f3venes que a\u00fan no han logrado completar sus ex\u00e1menes de admisi\u00f3n deber\u00e1n concurrir en tercera instancia a intentarlo.<\/p>\n\n\n\n<p>Esta situaci\u00f3n pesa para\u00a04.938 inscritos en el caso de Matem\u00e1tica\u00a0y de\u00a04.511 en el caso de Lenguaje, equivalentes al\u00a01,7 y 1,5 por ciento del universo de postulantes del proceso de admisi\u00f3n 2020, respectivamente.<\/p>\n\n\n\n<p>Valle indic\u00f3 que en dicha ocasi\u00f3n se aplicar\u00e1n \u00ablas mismas garant\u00edas de seguridad\u00bb que se implementaron este lunes y martes reci\u00e9n pasados, en el segundo intento de rendici\u00f3n.<\/p>\n\n\n\n<p>\u00abHaremos el mayor esfuerzo para que, ojal\u00e1, no tengamos que lamentar otra frustraci\u00f3n que deban agregar a la que ya han tenido. Estos postulantes no se merec\u00edan, en caso alguno, tener que ir en una tercera oportunidad a rendir una prueba\u00bb, se\u00f1al\u00f3 el rector de la Universidad de Valpara\u00edso.<\/p>\n","protected":false},"excerpt":{"rendered":"<p>Las pruebas pendientes se tomar\u00e1n el martes 4 y mi\u00e9rcoles 5 de febrero a las 10:00 de la ma\u00f1ana. El\u00a0Consejo de Rectores de las Universidades&hellip; <\/p>\n","protected":false},"author":2,"featured_media":20493,"comment_status":"open","ping_status":"closed","sticky":false,"template":"","format":"standard","meta":{"footnotes":""},"categories":[37],"tags":[],"class_list":["post-20492","post","type-post","status-publish","format-standard","has-post-thumbnail","hentry","category-nacional"],"_links":{"self":[{"href":"https:\/\/www.radioamigavallenar.cl\/index.php?rest_route=\/wp\/v2\/posts\/20492","targetHints":{"allow":["GET"]}}],"collection":[{"href":"https:\/\/www.radioamigavallenar.cl\/index.php?rest_route=\/wp\/v2\/posts"}],"about":[{"href":"https:\/\/www.radioamigavallenar.cl\/index.php?rest_route=\/wp\/v2\/types\/post"}],"author":[{"embeddable":true,"href":"https:\/\/www.radioamigavallenar.cl\/index.php?rest_route=\/wp\/v2\/users\/2"}],"replies":[{"embeddable":true,"href":"https:\/\/www.radioamigavallenar.cl\/index.php?rest_route=%2Fwp%2Fv2%2Fcomments&post=20492"}],"version-history":[{"count":0,"href":"https:\/\/www.radioamigavallenar.cl\/index.php?rest_route=\/wp\/v2\/posts\/20492\/revisions"}],"wp:featuredmedia":[{"embeddable":true,"href":"https:\/\/www.radioamigavallenar.cl\/index.php?rest_route=\/wp\/v2\/media\/20493"}],"wp:attachment":[{"href":"https:\/\/www.radioamigavallenar.cl\/index.php?rest_route=%2Fwp%2Fv2%2Fmedia&parent=20492"}],"wp:term":[{"taxonomy":"category","embeddable":true,"href":"https:\/\/www.radioamigavallenar.cl\/index.php?rest_route=%2Fwp%2Fv2%2Fcategories&post=20492"},{"taxonomy":"post_tag","embeddable":true,"href":"https:\/\/www.radioamigavallenar.cl\/index.php?rest_route=%2Fwp%2Fv2%2Ftags&post=20492"}],"curies":[{"name":"wp","href":"https:\/\/api.w.org\/{rel}","templated":true}]}}