{"id":20480,"date":"2020-01-29T13:11:06","date_gmt":"2020-01-29T16:11:06","guid":{"rendered":"https:\/\/www.radioamigavallenar.cl\/?p=20480"},"modified":"2020-01-29T13:11:07","modified_gmt":"2020-01-29T16:11:07","slug":"onemi-actualiza-alerta-amarilla-para-seis-comunas-de-atacama-por-evento-meteorologico","status":"publish","type":"post","link":"https:\/\/www.radioamigavallenar.cl\/?p=20480","title":{"rendered":"Onemi actualiza Alerta Amarilla para seis comunas de Atacama por evento meteorol\u00f3gico"},"content":{"rendered":"\n<div class=\"wp-block-image\"><figure class=\"aligncenter size-large\"><img loading=\"lazy\" decoding=\"async\" width=\"820\" height=\"620\" src=\"https:\/\/www.radioamigavallenar.cl\/wp-content\/uploads\/2020\/01\/file_20190112165543-1.jpg\" alt=\"\" class=\"wp-image-20481\" srcset=\"https:\/\/www.radioamigavallenar.cl\/wp-content\/uploads\/2020\/01\/file_20190112165543-1.jpg 820w, https:\/\/www.radioamigavallenar.cl\/wp-content\/uploads\/2020\/01\/file_20190112165543-1-300x227.jpg 300w, https:\/\/www.radioamigavallenar.cl\/wp-content\/uploads\/2020\/01\/file_20190112165543-1-768x581.jpg 768w\" sizes=\"auto, (max-width: 820px) 100vw, 820px\" \/><figcaption>25 de febrero de 2017\/LONQUIMAY\r\nA esta hora una potente tormenta el\u00e9ctrica afecta Pino Hachado, Lonquimay y todo el sector de la cordillera de la Araucania.\r\nFOTO:FRANCISCO NEGRONI\/AGENCIAUNO<\/figcaption><\/figure><\/div>\n\n\n\n<h4 class=\"wp-block-heading\"><strong>Copiap\u00f3, Tierra Amarilla, Diego de Almagro, Cha\u00f1aral y Alto del Carmen<\/strong><\/h4>\n\n\n\n<p>De acuerdo con la&nbsp;informaci\u00f3n proporcionada por la Direcci\u00f3n Meteorol\u00f3gica de Chile (DMC),&nbsp;mediante la emisi\u00f3n de su Alerta Meteorol\u00f3gico CNA AA5\/2020, se prev\u00e9 que hasta hoy mi\u00e9rcoles 29 de enero, se registren tormentas el\u00e9ctricas en los sectores precordilleranos y cordilleranos de la Regi\u00f3n de Atacama. Cabe destacar, se espera que este fen\u00f3meno meteorol\u00f3gico se desarrolle en horas de la tarde y noche.<\/p>\n\n\n\n<p>Adicionalmente, se mantiene vigente la Alerta Meteorol\u00f3gica CNA AA4\/2020, que prev\u00e9 hasta hoy mi\u00e9rcoles 29 de enero, precipitaciones de intensidad moderada en los sectores de valles altos, precordillera y cordillera de la Regi\u00f3n de Atacama. Cabe se\u00f1alar, que las precipitaciones se desarrollar\u00e1n en un periodo inferior a 12 horas, seg\u00fan el siguiente detalle:<\/p>\n\n\n\n<figure class=\"wp-block-table\"><table class=\"\"><tbody><tr><td><strong>Sector<\/strong><\/td><td><strong>Mi\u00e9rcoles 29<\/strong><\/td><\/tr><tr><td>Valle (alto)<\/td><td>Entre 5 y 10 mm<\/td><\/tr><tr><td>Precordillera<\/td><td>Entre 10 y 15 mm<\/td><\/tr><tr><td>Cordillera<\/td><\/tr><\/tbody><\/table><\/figure>\n\n\n\n<p>Adicionalmente, el Servicio Nacional de Geolog\u00eda y Miner\u00eda (SERNAGEOMIN) Sobre la base de los antecedentes presentados por la DMC, considera que la posibilidad de ocurrencia de remociones en masa, tales como flujos de detritos (aluviones), deslizamientos y\/o ca\u00eddas de rocas (derrumbes), es de car\u00e1cter&nbsp;Alto&nbsp;en las zonas de valles (alto), precordillera y cordillera de la Regi\u00f3n de Atacama.<\/p>\n\n\n\n<p>En consideraci\u00f3n a estos antecedentes, la Intendencia de la Regi\u00f3n de Atacama, en coordinaci\u00f3n con la Direcci\u00f3n Regional de ONEMI&nbsp;actualiza la Alerta Amarilla&nbsp;para las comunas de Copiap\u00f3, Tierra Amarilla, Diego de Almagro, Cha\u00f1aral y Alto del Carmen, por evento meteorol\u00f3gico, que se mantiene vigente desde el 27 de enero de 2020.<\/p>\n\n\n\n<p>Con la actualizaci\u00f3n de la Alerta Amarilla, se mantendr\u00e1n alistados escalonadamente los recursos necesarios para intervenir de acuerdo a la evoluci\u00f3n del evento, con el objeto de evitar que \u00e9ste crezca en extensi\u00f3n y severidad, minimizando los efectos negativos en las personas, sus bienes y el medio ambiente.<\/p>\n","protected":false},"excerpt":{"rendered":"<p>Copiap\u00f3, Tierra Amarilla, Diego de Almagro, Cha\u00f1aral y Alto del Carmen De acuerdo con la&nbsp;informaci\u00f3n proporcionada por la Direcci\u00f3n Meteorol\u00f3gica de Chile (DMC),&nbsp;mediante la emisi\u00f3n&hellip; <\/p>\n","protected":false},"author":2,"featured_media":20481,"comment_status":"open","ping_status":"closed","sticky":false,"template":"","format":"standard","meta":{"footnotes":""},"categories":[5,7,1],"tags":[],"class_list":["post-20480","post","type-post","status-publish","format-standard","has-post-thumbnail","hentry","category-alto-del-carmen","category-atacama","category-provincia-del-huasco-2"],"_links":{"self":[{"href":"https:\/\/www.radioamigavallenar.cl\/index.php?rest_route=\/wp\/v2\/posts\/20480","targetHints":{"allow":["GET"]}}],"collection":[{"href":"https:\/\/www.radioamigavallenar.cl\/index.php?rest_route=\/wp\/v2\/posts"}],"about":[{"href":"https:\/\/www.radioamigavallenar.cl\/index.php?rest_route=\/wp\/v2\/types\/post"}],"author":[{"embeddable":true,"href":"https:\/\/www.radioamigavallenar.cl\/index.php?rest_route=\/wp\/v2\/users\/2"}],"replies":[{"embeddable":true,"href":"https:\/\/www.radioamigavallenar.cl\/index.php?rest_route=%2Fwp%2Fv2%2Fcomments&post=20480"}],"version-history":[{"count":0,"href":"https:\/\/www.radioamigavallenar.cl\/index.php?rest_route=\/wp\/v2\/posts\/20480\/revisions"}],"wp:featuredmedia":[{"embeddable":true,"href":"https:\/\/www.radioamigavallenar.cl\/index.php?rest_route=\/wp\/v2\/media\/20481"}],"wp:attachment":[{"href":"https:\/\/www.radioamigavallenar.cl\/index.php?rest_route=%2Fwp%2Fv2%2Fmedia&parent=20480"}],"wp:term":[{"taxonomy":"category","embeddable":true,"href":"https:\/\/www.radioamigavallenar.cl\/index.php?rest_route=%2Fwp%2Fv2%2Fcategories&post=20480"},{"taxonomy":"post_tag","embeddable":true,"href":"https:\/\/www.radioamigavallenar.cl\/index.php?rest_route=%2Fwp%2Fv2%2Ftags&post=20480"}],"curies":[{"name":"wp","href":"https:\/\/api.w.org\/{rel}","templated":true}]}}