{"id":20473,"date":"2020-01-29T00:00:00","date_gmt":"2020-01-29T03:00:00","guid":{"rendered":"https:\/\/www.radioamigavallenar.cl\/?p=20473"},"modified":"2020-01-28T22:58:23","modified_gmt":"2020-01-29T01:58:23","slug":"atacama-explotacion-de-litio-deja-sin-agua-a-comunidades-indigenas-y-pobladores","status":"publish","type":"post","link":"https:\/\/www.radioamigavallenar.cl\/?p=20473","title":{"rendered":"Atacama: explotaci\u00f3n de litio deja sin agua a comunidades ind\u00edgenas y pobladores"},"content":{"rendered":"\n<div class=\"wp-block-image\"><figure class=\"aligncenter size-large\"><img loading=\"lazy\" decoding=\"async\" width=\"750\" height=\"400\" src=\"https:\/\/www.radioamigavallenar.cl\/wp-content\/uploads\/2020\/01\/economia-1.jpg\" alt=\"\" class=\"wp-image-20474\" srcset=\"https:\/\/www.radioamigavallenar.cl\/wp-content\/uploads\/2020\/01\/economia-1.jpg 750w, https:\/\/www.radioamigavallenar.cl\/wp-content\/uploads\/2020\/01\/economia-1-300x160.jpg 300w\" sizes=\"auto, (max-width: 750px) 100vw, 750px\" \/><\/figure><\/div>\n\n\n\n<p><strong>En medio del desierto m\u00e1s \u00e1rido del mundo hay una enorme \u00e1rea con estanques de agua color turquesa. Cada una de estas enormes piscinas tiene el tama\u00f1o de 20 canchas de f\u00fatbol y contiene agua salada extra\u00edda de las profundidades de la tierra del desierto.<\/strong><\/p>\n\n\n\n<p>Dicha salmuera contiene carbonato de litio,\u00a0la base del metal ligero y plateado que se encuentra en las bater\u00edas de casi todos los computadores, tel\u00e9fonos y autos el\u00e9ctricos de la actualidad.<\/p>\n\n\n\n<p>A primera vista, el desierto de Atacama parece un lugar est\u00e9ril e inh\u00f3spito. A pesar de esto, la flora, la fauna y los habitantes de la zona han podido adaptarse bien a las condiciones de su entorno por muchas generaciones.<\/p>\n\n\n\n<p>Lo anterior ahora est\u00e1 en duda debido a que los pueblos de la zona tienen un nuevo y poderoso competidor por los escasos recursos de agua del desierto: las compa\u00f1\u00edas mineras.<\/p>\n\n\n\n<h2 class=\"has-text-align-center wp-block-heading\">\u201cEl agua es vida\u201d<\/h2>\n\n\n\n<p>Coyo es una de las doce aldeas en los dispersos oasis del desierto.\u00a0Los miembros de la comunidad se turnan para sacar agua del r\u00edo San Pedro. Tras dos semanas de espera, Hugo D\u00edaz pudo finalmente irrigar sus campos.<\/p>\n\n\n\n<p><strong>\u201cAntes de que llegaran las mineras ac\u00e1 hab\u00eda mucha agua. La miner\u00eda ha consumido las napas subterr\u00e1neas<\/strong>, sacan agua de un r\u00edo de otro sector tambi\u00e9n y no llega ac\u00e1 el agua que corresponde\u201d, dijo D\u00edaz a DW<\/p>\n\n\n\n<p>Para los atacame\u00f1os, el agua no solo tiene un valor material sino tambi\u00e9n cultural y espiritual. \u201cPara nosotros como likan-antai (etnia atacame\u00f1a) es muy importante el agua. No solamente el agua en relaci\u00f3n a lo que es mantener nuestras costumbres mediante la agricultura,\u00a0sino que tambi\u00e9n porque el agua es vida\u201d, explic\u00f3 Vladimir Reyes, uno de los mayores de la comunidad de Coyo.<\/p>\n\n\n\n<p>El agricultor ense\u00f1\u00f3 las marcas en el canal de riego que muestran los niveles de agua m\u00e1s altos en tiempos pasados. \u201cMuy pocos campesinos pueden vivir de la agricultura.\u00a0En la actualidad, los j\u00f3venes han tratado de ir aprendiendo sobre la agricultura, pero se ven con el obst\u00e1culo de que el agua es cada vez menos. Ese es principal da\u00f1o que nos est\u00e1n haciendo las empresas mineras\u201d, afirm\u00f3 Reyes.<\/p>\n\n\n\n<h2 class=\"has-text-align-center wp-block-heading\">La Arabia Saudita del litio<\/h2>\n\n\n\n<p>Chile tiene una de las mayores reservas de litio del mundo.\u00a0Sus exportaciones cubren el 40% de la demanda mundial de este valioso metal. Por eso se le llama la \u201cArabia Saudita del Litio\u201d. Adem\u00e1s, se espera que la demanda global\u00a0se triplique en los pr\u00f3ximos seis a\u00f1os.<\/p>\n\n\n\n<p>Para extraer el litio,\u00a0el l\u00edquido bombeado se deja expuesto al sol del desierto hasta que se haya evaporado el 95% del agua. El litio se separa del residuo mediante un proceso qu\u00edmico y se convierte en los compuestos para las bater\u00edas recargables.<\/p>\n\n\n\n<h2 class=\"has-text-align-center wp-block-heading\">2 mil litros por segundo<\/h2>\n\n\n\n<p>Las dos compa\u00f1\u00edas mineras que operan en Atacama,\u00a0la chilena SQM y la estadounidense Albemarle,\u00a0extraen cada a\u00f1o m\u00e1s de 63 mil millones de litros de agua salada de las capas m\u00e1s profundas del desierto, es decir, casi 2 mil litros por segundo. Adem\u00e1s, la industria consume una cantidad considerable de agua dulce.<\/p>\n\n\n\n<p>Seg\u00fan los operadores de la mina,\u00a0la extracci\u00f3n de agua salada del desierto no tiene ning\u00fan efecto en el suministro de agua dulce de la zona. \u201cLa salmuera, rica en minerales, no es adecuada para el uso agr\u00edcola o como agua potable. Y estamos trabajando muy de cerca con las comunidades locales para asegurarnos de que estamos actuando de manera sostenible\u201d, dijo a DW Hailey Quinn, gerente de comunicaciones de Albemarle.<\/p>\n\n\n\n<h2 class=\"has-text-align-center wp-block-heading\">Alteraci\u00f3n del ecosistema<\/h2>\n\n\n\n<p>Existen pocos estudios cient\u00edficos independientes sobre la cantidad de agua consumida durante el proceso de evaporaci\u00f3n o sobre los efectos de la extracci\u00f3n de salmuera en el ecosistema.<\/p>\n\n\n\n<p>Una de las pocas expertas en este campo es la\u00a0microbi\u00f3loga Cristina Dorador, quien ha estudiado los microorganismos de los salares\u00a0del desierto de Atacama.<\/p>\n\n\n\n<p>\u201cLos microorganismos son la base de todo\u2026&nbsp;<strong>La explotaci\u00f3n de la salmuera que ha tenido lugar en los \u00faltimos 10 o 20 a\u00f1os ha reducido la cantidad de microorganismos y ha afectado al ecosistema\u201d<\/strong>, declar\u00f3 la bi\u00f3loga.<\/p>\n\n\n\n<p>Los microbios que viven en el agua proveen alimento para el plancton y los crust\u00e1ceos. Estos son consumidos por animales m\u00e1s grandes, como por ejemplo, los flamencos, la especie m\u00e1s emblem\u00e1tica de la zona.<\/p>\n\n\n\n<h2 class=\"has-text-align-center wp-block-heading\">Pocos derechos sobre al agua y la tierra<\/h2>\n\n\n\n<p>A varios cientos de kil\u00f3metros al sur del salar de Atacama se encuentra el salar de Maricunga,\u00a0que tambi\u00e9n se est\u00e1 explotando para la producci\u00f3n de litio. Actualmente, casi toda la miner\u00eda de litio en Chile se realiza en Atacama, pero se cree que Maricunga (m\u00e1s peque\u00f1o) alberga las segundas reservas de litio m\u00e1s grandes del pa\u00eds.<\/p>\n\n\n\n<p>Adem\u00e1s de SQM,\u00a0la compa\u00f1\u00eda australiano-canadiense Salar Blanco est\u00e1 desarrollando un proyecto de litio en la misma zona junto a Codelco, operador de minas de cobre chileno de propiedad estatal.<\/p>\n\n\n\n<p>Las proyecciones de expansi\u00f3n de la miner\u00eda de litio\u00a0preocupan a los miembros de la comunidad ind\u00edgena Colla Pai-Ote. Los pueblos ind\u00edgenas de Chile apenas tienen derechos de propiedad formales sobre sus tierras ancestrales.<\/p>\n\n\n\n<p><strong>\u201cNadie le pregunt\u00f3 al pueblo Colla si quer\u00edan miner\u00eda en su territorio. Nadie le dijo al pueblo Colla cual era el impacto que podr\u00eda tener la miner\u00eda en las fuentes de agua en el salar de Maricunga\u201d<\/strong>, se\u00f1al\u00f3 a DW el abogado Ariel Le\u00f3n, quien asesora a la comunidad.<\/p>\n","protected":false},"excerpt":{"rendered":"<p>En medio del desierto m\u00e1s \u00e1rido del mundo hay una enorme \u00e1rea con estanques de agua color turquesa. Cada una de estas enormes piscinas tiene&hellip; <\/p>\n","protected":false},"author":2,"featured_media":20474,"comment_status":"open","ping_status":"closed","sticky":false,"template":"","format":"standard","meta":{"footnotes":""},"categories":[7,34],"tags":[],"class_list":["post-20473","post","type-post","status-publish","format-standard","has-post-thumbnail","hentry","category-atacama","category-mineria"],"_links":{"self":[{"href":"https:\/\/www.radioamigavallenar.cl\/index.php?rest_route=\/wp\/v2\/posts\/20473","targetHints":{"allow":["GET"]}}],"collection":[{"href":"https:\/\/www.radioamigavallenar.cl\/index.php?rest_route=\/wp\/v2\/posts"}],"about":[{"href":"https:\/\/www.radioamigavallenar.cl\/index.php?rest_route=\/wp\/v2\/types\/post"}],"author":[{"embeddable":true,"href":"https:\/\/www.radioamigavallenar.cl\/index.php?rest_route=\/wp\/v2\/users\/2"}],"replies":[{"embeddable":true,"href":"https:\/\/www.radioamigavallenar.cl\/index.php?rest_route=%2Fwp%2Fv2%2Fcomments&post=20473"}],"version-history":[{"count":0,"href":"https:\/\/www.radioamigavallenar.cl\/index.php?rest_route=\/wp\/v2\/posts\/20473\/revisions"}],"wp:featuredmedia":[{"embeddable":true,"href":"https:\/\/www.radioamigavallenar.cl\/index.php?rest_route=\/wp\/v2\/media\/20474"}],"wp:attachment":[{"href":"https:\/\/www.radioamigavallenar.cl\/index.php?rest_route=%2Fwp%2Fv2%2Fmedia&parent=20473"}],"wp:term":[{"taxonomy":"category","embeddable":true,"href":"https:\/\/www.radioamigavallenar.cl\/index.php?rest_route=%2Fwp%2Fv2%2Fcategories&post=20473"},{"taxonomy":"post_tag","embeddable":true,"href":"https:\/\/www.radioamigavallenar.cl\/index.php?rest_route=%2Fwp%2Fv2%2Ftags&post=20473"}],"curies":[{"name":"wp","href":"https:\/\/api.w.org\/{rel}","templated":true}]}}