{"id":20456,"date":"2020-01-29T00:01:00","date_gmt":"2020-01-29T03:01:00","guid":{"rendered":"https:\/\/www.radioamigavallenar.cl\/?p=20456"},"modified":"2020-01-28T22:45:30","modified_gmt":"2020-01-29T01:45:30","slug":"subsecretario-de-oo-pp-por-aluvion-en-el-transito-dejo-practicamente-a-todo-el-pueblo-con-barro-en-sus-casas","status":"publish","type":"post","link":"https:\/\/www.radioamigavallenar.cl\/?p=20456","title":{"rendered":"Subsecretario de OO.PP. por aluvi\u00f3n en El Tr\u00e1nsito: \u00abDej\u00f3 pr\u00e1cticamente a todo el pueblo con barro en sus casas\u00bb"},"content":{"rendered":"\n<div class=\"wp-block-image\"><figure class=\"aligncenter size-large\"><img loading=\"lazy\" decoding=\"async\" width=\"710\" height=\"399\" src=\"https:\/\/www.radioamigavallenar.cl\/wp-content\/uploads\/2020\/01\/file_20200128165131.jpg\" alt=\"\" class=\"wp-image-20457\" srcset=\"https:\/\/www.radioamigavallenar.cl\/wp-content\/uploads\/2020\/01\/file_20200128165131.jpg 710w, https:\/\/www.radioamigavallenar.cl\/wp-content\/uploads\/2020\/01\/file_20200128165131-300x169.jpg 300w\" sizes=\"auto, (max-width: 710px) 100vw, 710px\" \/><\/figure><\/div>\n\n\n\n<p>La autoridad llam\u00f3 a las personas que viven en las cercan\u00edas o sobre quebradas a tener especial cuidado, debido a que se trata de lugares donde \u00abalguna vez pas\u00f3 agua, y por lo tanto, va a volver a pasar\u00bb.<\/p>\n\n\n\n<p>El Subsecretario de Obras P\u00fablicas, Crist\u00f3bal Leturia, realiz\u00f3 esta tarde un balance respecto a los da\u00f1os en la regi\u00f3n de Atacama en relaci\u00f3n a las lluvias que se han registrado en la zona, y que seg\u00fan el pron\u00f3stico de Meteorolog\u00eda, continuar\u00e1n durante este martes y ma\u00f1ana mi\u00e9rcoles.<\/p>\n\n\n\n<p>A ra\u00edz de eso, reiter\u00f3 que se ha determinado como \u00abzona cero\u00bb el sector de El Tr\u00e1nsito, lugar donde existe la quebrada llamada \u00abLa Plaza\u00bb, donde durante 45 minutos cayeron 16 mil\u00edmetros de agua, \u00ablo que es una enormidad de agua en un periodo muy corto de tiempo, y cay\u00f3 un aluvi\u00f3n justo sobre el pueblo, dejando pr\u00e1cticamente todo el pueblo con barro en sus casas\u00bb.<\/p>\n\n\n\n<p>Adem\u00e1s, la autoridad detall\u00f3 que este hecho produjo una serie de problemas viales, entre los que se cuentan \u00abhay puentes y badenes que se fueron con el caudal del aluvi\u00f3n, y hay m\u00faltiples desprendimientos de material sobre el camino, el que est\u00e1 cortado aproximadamente en 20 partes distintas.<\/p>\n\n\n\n<p>Por lo tanto, se est\u00e1 trabajando con el Intendente Patricio Urqueta para avanzar en el despeje de las v\u00edas\u00bb. Leturia record\u00f3 que en las zonas des\u00e9rticas donde hay quebradas, alguna vez pas\u00f3 agua, \u00abpor lo tanto, por donde pas\u00f3 agua, va a volver a pasar (\u2026) hay que tener mucho cuidado en estos eventos de verano de tener precauci\u00f3n sobre las quebradas, si uno est\u00e1 sobre una, tener mucha precauci\u00f3n\u00bb.<\/p>\n\n\n\n<p>Uso de recursos y obras de mitigaci\u00f3n Consultado sobre la inversi\u00f3n en el sector para mitigar los riesgos generados en las quebradas, Leturia indic\u00f3 que \u00abse ha invertido en toda la regi\u00f3n much\u00edsimos recursos, particularmente en el valle de El Tr\u00e1nsito existen m\u00e1s de 10 obras que se han hecho en los \u00faltimos a\u00f1os, todas con efecto de ir mitigando ciertas quebradas que usualmente se activan\u00bb.<\/p>\n\n\n\n<p>Con todo, destac\u00f3 que las obras finalizadas aguantaron \u00absin problemas\u00bb al evento, con excepci\u00f3n de una de esas 10 que estaba en construcci\u00f3n y que result\u00f3 con da\u00f1os, \u00abpero aguantaron porque esto fue un evento que sucedi\u00f3 sobre la quebrada de La Plaza, un evento local, entonces la quebrada que se activ\u00f3 fue esa\u00bb, indicando que ese fue el gran desprendimiento de este aluvi\u00f3n.<\/p>\n\n\n\n<p>A ra\u00edz de lo ocurrido, el Presidente Sebasti\u00e1n Pi\u00f1era y el ministro del Interior, Gonzalo Blumel a se dirigieron a Alto del Carmen Alto del Carmen para monitorear en terreno la situaci\u00f3n y coordinar labores de prevenci\u00f3n y ayuda a los damnificados. El presidente Pi\u00f1era dijo que firmo decreto que declara como zona de catastrofe a las comunas afectadas.<\/p>\n","protected":false},"excerpt":{"rendered":"<p>La autoridad llam\u00f3 a las personas que viven en las cercan\u00edas o sobre quebradas a tener especial cuidado, debido a que se trata de lugares&hellip; <\/p>\n","protected":false},"author":2,"featured_media":20457,"comment_status":"open","ping_status":"closed","sticky":false,"template":"","format":"standard","meta":{"footnotes":""},"categories":[5,7,34,1],"tags":[],"class_list":["post-20456","post","type-post","status-publish","format-standard","has-post-thumbnail","hentry","category-alto-del-carmen","category-atacama","category-mineria","category-provincia-del-huasco-2"],"_links":{"self":[{"href":"https:\/\/www.radioamigavallenar.cl\/index.php?rest_route=\/wp\/v2\/posts\/20456","targetHints":{"allow":["GET"]}}],"collection":[{"href":"https:\/\/www.radioamigavallenar.cl\/index.php?rest_route=\/wp\/v2\/posts"}],"about":[{"href":"https:\/\/www.radioamigavallenar.cl\/index.php?rest_route=\/wp\/v2\/types\/post"}],"author":[{"embeddable":true,"href":"https:\/\/www.radioamigavallenar.cl\/index.php?rest_route=\/wp\/v2\/users\/2"}],"replies":[{"embeddable":true,"href":"https:\/\/www.radioamigavallenar.cl\/index.php?rest_route=%2Fwp%2Fv2%2Fcomments&post=20456"}],"version-history":[{"count":0,"href":"https:\/\/www.radioamigavallenar.cl\/index.php?rest_route=\/wp\/v2\/posts\/20456\/revisions"}],"wp:featuredmedia":[{"embeddable":true,"href":"https:\/\/www.radioamigavallenar.cl\/index.php?rest_route=\/wp\/v2\/media\/20457"}],"wp:attachment":[{"href":"https:\/\/www.radioamigavallenar.cl\/index.php?rest_route=%2Fwp%2Fv2%2Fmedia&parent=20456"}],"wp:term":[{"taxonomy":"category","embeddable":true,"href":"https:\/\/www.radioamigavallenar.cl\/index.php?rest_route=%2Fwp%2Fv2%2Fcategories&post=20456"},{"taxonomy":"post_tag","embeddable":true,"href":"https:\/\/www.radioamigavallenar.cl\/index.php?rest_route=%2Fwp%2Fv2%2Ftags&post=20456"}],"curies":[{"name":"wp","href":"https:\/\/api.w.org\/{rel}","templated":true}]}}