{"id":20453,"date":"2020-01-29T00:02:00","date_gmt":"2020-01-29T03:02:00","guid":{"rendered":"https:\/\/www.radioamigavallenar.cl\/?p=20453"},"modified":"2020-01-28T22:43:10","modified_gmt":"2020-01-29T01:43:10","slug":"presidente-pinera-declara-estado-de-catastrofe-zonas-afectadas-por-evento-meteorologico","status":"publish","type":"post","link":"https:\/\/www.radioamigavallenar.cl\/?p=20453","title":{"rendered":"Presidente Pi\u00f1era declara estado de cat\u00e1strofe zonas afectadas por evento meteorol\u00f3gico."},"content":{"rendered":"\n<figure class=\"wp-block-image size-large\"><img loading=\"lazy\" decoding=\"async\" width=\"1012\" height=\"737\" src=\"https:\/\/www.radioamigavallenar.cl\/wp-content\/uploads\/2020\/01\/RFFFFFD.jpg\" alt=\"\" class=\"wp-image-20454\" srcset=\"https:\/\/www.radioamigavallenar.cl\/wp-content\/uploads\/2020\/01\/RFFFFFD.jpg 1012w, https:\/\/www.radioamigavallenar.cl\/wp-content\/uploads\/2020\/01\/RFFFFFD-300x218.jpg 300w, https:\/\/www.radioamigavallenar.cl\/wp-content\/uploads\/2020\/01\/RFFFFFD-768x559.jpg 768w\" sizes=\"auto, (max-width: 1012px) 100vw, 1012px\" \/><\/figure>\n\n\n\n<p>El Mandatario anunci\u00f3 que el decreto ya est\u00e1 firmado para \u00abdisponer de todos los recursos para ayudar a los damnificados y proteger las vidas\u00bb.<\/p>\n\n\n\n<p>Acompa\u00f1ado del ministro del interior Gonzalo Blumel, el presidente Sebasti\u00e1n Pi\u00f1era lleg\u00f3 en helic\u00f3ptero a la comuna de Alto del Carmen, se\u00f1alando que ya hab\u00eda firmado en la moneda el decreto que declara&nbsp; que las zonas&nbsp; afectadas por evento meteorol\u00f3gico han sido declaradas como zonas de cat\u00e1strofe.<\/p>\n\n\n\n<p>Con esto los lugares\u00a0 afectados tendr\u00e1n una ayuda m\u00e1s r\u00e1pida para poder volver a la normalidad dijo el mandatario.\u00a0 \u00abPor ahora se trata de dar seguridad a la vida de la gente que habitan en estos sectores\u00bb , agreg\u00f3 Pi\u00f1era.<\/p>\n\n\n\n<p>Onemi mantiene alerta amarilla para las comunas de Copiap\u00f3, Tierra Amarilla, Diego de Almagro y Alto del Carmen. Los deslizamientos de tierra y crecidas de r\u00edos han provocado la muerte de una persona.<\/p>\n\n\n\n<p>El presidente Pi\u00f1era sostuvo una reuni\u00f3n con el (COE) y luego se dirigi\u00f3 a la zona 0 la localidad de El Transito donde una persona adulta mayor de 76 perdi\u00f3 la vida.<\/p>\n","protected":false},"excerpt":{"rendered":"<p>El Mandatario anunci\u00f3 que el decreto ya est\u00e1 firmado para \u00abdisponer de todos los recursos para ayudar a los damnificados y proteger las vidas\u00bb. Acompa\u00f1ado&hellip; <\/p>\n","protected":false},"author":2,"featured_media":20454,"comment_status":"open","ping_status":"closed","sticky":false,"template":"","format":"standard","meta":{"footnotes":""},"categories":[5,7,1],"tags":[],"class_list":["post-20453","post","type-post","status-publish","format-standard","has-post-thumbnail","hentry","category-alto-del-carmen","category-atacama","category-provincia-del-huasco-2"],"_links":{"self":[{"href":"https:\/\/www.radioamigavallenar.cl\/index.php?rest_route=\/wp\/v2\/posts\/20453","targetHints":{"allow":["GET"]}}],"collection":[{"href":"https:\/\/www.radioamigavallenar.cl\/index.php?rest_route=\/wp\/v2\/posts"}],"about":[{"href":"https:\/\/www.radioamigavallenar.cl\/index.php?rest_route=\/wp\/v2\/types\/post"}],"author":[{"embeddable":true,"href":"https:\/\/www.radioamigavallenar.cl\/index.php?rest_route=\/wp\/v2\/users\/2"}],"replies":[{"embeddable":true,"href":"https:\/\/www.radioamigavallenar.cl\/index.php?rest_route=%2Fwp%2Fv2%2Fcomments&post=20453"}],"version-history":[{"count":0,"href":"https:\/\/www.radioamigavallenar.cl\/index.php?rest_route=\/wp\/v2\/posts\/20453\/revisions"}],"wp:featuredmedia":[{"embeddable":true,"href":"https:\/\/www.radioamigavallenar.cl\/index.php?rest_route=\/wp\/v2\/media\/20454"}],"wp:attachment":[{"href":"https:\/\/www.radioamigavallenar.cl\/index.php?rest_route=%2Fwp%2Fv2%2Fmedia&parent=20453"}],"wp:term":[{"taxonomy":"category","embeddable":true,"href":"https:\/\/www.radioamigavallenar.cl\/index.php?rest_route=%2Fwp%2Fv2%2Fcategories&post=20453"},{"taxonomy":"post_tag","embeddable":true,"href":"https:\/\/www.radioamigavallenar.cl\/index.php?rest_route=%2Fwp%2Fv2%2Ftags&post=20453"}],"curies":[{"name":"wp","href":"https:\/\/api.w.org\/{rel}","templated":true}]}}