{"id":20424,"date":"2020-01-28T00:01:00","date_gmt":"2020-01-28T03:01:00","guid":{"rendered":"https:\/\/www.radioamigavallenar.cl\/?p=20424"},"modified":"2020-01-27T21:26:02","modified_gmt":"2020-01-28T00:26:02","slug":"onemi-atacama-realiza-balance-de-las-precipitaciones-que-afectan-a-distintos-sectores-de-la-region","status":"publish","type":"post","link":"https:\/\/www.radioamigavallenar.cl\/?p=20424","title":{"rendered":"Onemi Atacama realiza balance de las precipitaciones que afectan a distintos sectores de la regi\u00f3n."},"content":{"rendered":"\n<div class=\"wp-block-image\"><figure class=\"aligncenter size-large\"><img loading=\"lazy\" decoding=\"async\" width=\"940\" height=\"530\" src=\"https:\/\/www.radioamigavallenar.cl\/wp-content\/uploads\/2020\/01\/quebradadalm-1.jpg\" alt=\"\" class=\"wp-image-20425\" srcset=\"https:\/\/www.radioamigavallenar.cl\/wp-content\/uploads\/2020\/01\/quebradadalm-1.jpg 940w, https:\/\/www.radioamigavallenar.cl\/wp-content\/uploads\/2020\/01\/quebradadalm-1-300x169.jpg 300w, https:\/\/www.radioamigavallenar.cl\/wp-content\/uploads\/2020\/01\/quebradadalm-1-768x433.jpg 768w\" sizes=\"auto, (max-width: 940px) 100vw, 940px\" \/><\/figure><\/div>\n\n\n\n<p>De acuerdo relaci\u00f3n al desarrollo del evento meteorol\u00f3gico en la regi\u00f3n, se indica lo siguiente:<\/p>\n\n\n\n<p><strong>Comuna de Alto del Carmen<\/strong><\/p>\n\n\n\n<p>Debido a las precipitaciones registradas durante la tarde en esta comuna, carabineros de Conay reporta la activaci\u00f3n de quebradas a la altura del kil\u00f3metro 50,7 de la Ruta C-495 que une las localidades de Conay y Junta de Valeriano. Por lo anterior, el tr\u00e1nsito vehicular por el sector se encuentra interrumpido.<\/p>\n\n\n\n<p><strong>Comuna de Tierra Amarilla<\/strong><\/p>\n\n\n\n<p>De igual manera, a ra\u00edz de las precipitaciones ocurridas durante la tarde de hoy se indica que por activaci\u00f3n de quebradas, se encuentra interrumpido el tr\u00e1nsito vehicular a la altura del kil\u00f3metro 80 de la Ruta C-35.<\/p>\n\n\n\n<p><strong>Por otra parte, el Servicio Nacional de Geolog\u00eda y Miner\u00eda (SERNAGEOMIN) reporta 3 eventos de remoci\u00f3n en masa activos en las cuencas de los r\u00edos El Salado, Copiap\u00f3 y Huasco. Al momento, se encuentra en evaluaci\u00f3n la magnitud de \u00e9stos por parte de personal desplegado en terreno.&nbsp;<\/strong><\/p>\n\n\n\n<p>En consideraci\u00f3n a estos antecedentes, la Direcci\u00f3n Regional de ONEMI Atacama mantiene la Alerta Temprana Preventiva para las comunas de Copiap\u00f3, Tierra Amarilla y Diego de Almagro, por evento meteorol\u00f3gico, que se encuentra vigente desde el 14 de enero de 2020.<\/p>\n\n\n\n<p>A las 21:00 horas de hoy se realizar\u00e1 una Mesa T\u00e9cnica por precipitaciones estivales, a fin de coordinar los distintos cursos de acci\u00f3n en atenci\u00f3n a la evoluci\u00f3n de estos eventos.<\/p>\n\n\n\n<p><strong>ONEMI recomienda a la poblaci\u00f3n reconocer en el entorno los posibles riesgos, como la activaci\u00f3n de quebradas y probables crecidas de cauces; evitar internarse en zonas alejadas, especialmente cuando las condiciones meteorol\u00f3gicas sean desfavorables; y preparar y revisar el techo de tu vivienda, las bajadas de agua y canaletas, junto con mantener limpias veredas y calzadas.<\/strong><\/p>\n","protected":false},"excerpt":{"rendered":"<p>De acuerdo relaci\u00f3n al desarrollo del evento meteorol\u00f3gico en la regi\u00f3n, se indica lo siguiente: Comuna de Alto del Carmen Debido a las precipitaciones registradas&hellip; <\/p>\n","protected":false},"author":2,"featured_media":20425,"comment_status":"open","ping_status":"closed","sticky":false,"template":"","format":"standard","meta":{"footnotes":""},"categories":[5,7],"tags":[],"class_list":["post-20424","post","type-post","status-publish","format-standard","has-post-thumbnail","hentry","category-alto-del-carmen","category-atacama"],"_links":{"self":[{"href":"https:\/\/www.radioamigavallenar.cl\/index.php?rest_route=\/wp\/v2\/posts\/20424","targetHints":{"allow":["GET"]}}],"collection":[{"href":"https:\/\/www.radioamigavallenar.cl\/index.php?rest_route=\/wp\/v2\/posts"}],"about":[{"href":"https:\/\/www.radioamigavallenar.cl\/index.php?rest_route=\/wp\/v2\/types\/post"}],"author":[{"embeddable":true,"href":"https:\/\/www.radioamigavallenar.cl\/index.php?rest_route=\/wp\/v2\/users\/2"}],"replies":[{"embeddable":true,"href":"https:\/\/www.radioamigavallenar.cl\/index.php?rest_route=%2Fwp%2Fv2%2Fcomments&post=20424"}],"version-history":[{"count":0,"href":"https:\/\/www.radioamigavallenar.cl\/index.php?rest_route=\/wp\/v2\/posts\/20424\/revisions"}],"wp:featuredmedia":[{"embeddable":true,"href":"https:\/\/www.radioamigavallenar.cl\/index.php?rest_route=\/wp\/v2\/media\/20425"}],"wp:attachment":[{"href":"https:\/\/www.radioamigavallenar.cl\/index.php?rest_route=%2Fwp%2Fv2%2Fmedia&parent=20424"}],"wp:term":[{"taxonomy":"category","embeddable":true,"href":"https:\/\/www.radioamigavallenar.cl\/index.php?rest_route=%2Fwp%2Fv2%2Fcategories&post=20424"},{"taxonomy":"post_tag","embeddable":true,"href":"https:\/\/www.radioamigavallenar.cl\/index.php?rest_route=%2Fwp%2Fv2%2Ftags&post=20424"}],"curies":[{"name":"wp","href":"https:\/\/api.w.org\/{rel}","templated":true}]}}