{"id":20418,"date":"2020-01-27T13:33:19","date_gmt":"2020-01-27T16:33:19","guid":{"rendered":"https:\/\/www.radioamigavallenar.cl\/?p=20418"},"modified":"2020-01-27T13:33:20","modified_gmt":"2020-01-27T16:33:20","slug":"avanza-proceso-para-declarar-santuario-de-la-naturaleza-el-humedal-de-caleta-totoral","status":"publish","type":"post","link":"https:\/\/www.radioamigavallenar.cl\/?p=20418","title":{"rendered":"Avanza proceso para declarar Santuario de la Naturaleza el Humedal de Caleta Totoral."},"content":{"rendered":"\n<figure class=\"wp-block-image size-large\"><img loading=\"lazy\" decoding=\"async\" width=\"1024\" height=\"683\" src=\"https:\/\/www.radioamigavallenar.cl\/wp-content\/uploads\/2020\/01\/IMG_6229-1536x1024-1-1024x683.jpg\" alt=\"\" class=\"wp-image-20419\" srcset=\"https:\/\/www.radioamigavallenar.cl\/wp-content\/uploads\/2020\/01\/IMG_6229-1536x1024-1-1024x683.jpg 1024w, https:\/\/www.radioamigavallenar.cl\/wp-content\/uploads\/2020\/01\/IMG_6229-1536x1024-1-300x200.jpg 300w, https:\/\/www.radioamigavallenar.cl\/wp-content\/uploads\/2020\/01\/IMG_6229-1536x1024-1-768x512.jpg 768w, https:\/\/www.radioamigavallenar.cl\/wp-content\/uploads\/2020\/01\/IMG_6229-1536x1024-1.jpg 1536w\" sizes=\"auto, (max-width: 1024px) 100vw, 1024px\" \/><\/figure>\n\n\n\n<p>Los habitantes de Totoral participaron en una serie de talleres y reuniones para hacer el levantamiento de informaci\u00f3n que realiz\u00f3 la Seremi del Medio Ambiente para fundamentar la postulaci\u00f3n del humedal costero como Santuario de la Naturaleza.<\/p>\n\n\n\n<p>En reuni\u00f3n de asamblea de la Comunidad Agr\u00edcola de Totoral, se dio a conocer los detalles y gestiones realizada por la Seremi del Medio Ambiente de Atacama que permitir\u00e1 fundamentar la postulaci\u00f3n del humedal costero de Totoral como Santuario de la Naturaleza, debido a la riqueza biol\u00f3gica y patrimonial que presenta y por ser parte de una ruta de humedales costeros del norte chico.<\/p>\n\n\n\n<p>En la oportunidad, un equipo de profesionales de la Seremi del Medio Ambiente se reuni\u00f3 con los vecinos y vecinas para presentar el informe y el estudio final, y aclarar dudas e inquietudes. Asimismo, se present\u00f3 el levantamiento de informaci\u00f3n que se realiz\u00f3 en el sector, por medio de una consultora, con el fin de establecer una l\u00ednea de base del humedal costero y su quebrada aportante, que permita complementar la informaci\u00f3n necesaria para declararlo Santuario de la Naturaleza, \u00fanica figura de protecci\u00f3n posible, al ser terrenos privados de la Comunidad Agr\u00edcola de Totoral.<\/p>\n\n\n\n<p>La propuesta preliminar de Santuario de la Naturaleza contempla una superficie aproximada de 369 hect\u00e1reas.<\/p>\n\n\n\n<p>A nivel de vegetaci\u00f3n, destaca la comunidad de vegetaci\u00f3n azonal del humedal costero y formaciones xerof\u00edticas de alto valor ecol\u00f3gico. En cuanto a la flora presente en el \u00e1rea, se determin\u00f3 una riqueza flor\u00edstica de 112 especies, valor que podr\u00eda incrementarse de manera considerable si se efect\u00faa una campa\u00f1a bot\u00e1nica durante un a\u00f1o con presencia del fen\u00f3meno de desierto florido.<\/p>\n\n\n\n<p>Los resultados determinan 151 especies de fauna potencial del \u00e1rea de estudio. Durante las campa\u00f1as del a\u00f1o 2019 se detect\u00f3 un total de 72 especies de fauna vertebrada, entre ellas 58 especies de aves, 3 especies de reptiles, 11 especies de mam\u00edferos y no se detectaron anfibios, lo que corresponde a 47% de las especies potenciales. Se confirma la relevancia de la fauna descrita en el \u00e1rea desde el punto de vista de singularidad, debido a la presencia de especies end\u00e9micas y la presencia de especies amenazadas.<\/p>\n\n\n\n<p>Respecto a los potenciales objetos de conservaci\u00f3n del \u00e1rea se tienen la Avifauna, Fauna amenazada, Flora de desierto florido, Cact\u00e1ceas, Red h\u00eddrica, Paisaje, Patrimonio Arqueol\u00f3gico y paleontol\u00f3gico y la especie Suaeda multiflora.<\/p>\n\n\n\n<p>En esa l\u00ednea, el Seremi del Medio Ambiente Guillermo Ready, manifest\u00f3 que \u201cdurante varios meses se trabaj\u00f3 en el lugar para realizar el levantamiento de la informaci\u00f3n e identificar, recopilar y sistematizar la informaci\u00f3n biol\u00f3gica \u2013 cultural existente en el \u00e1rea del humedal costero, para apoyar la declaraci\u00f3n de \u00e1rea protegida, que ha sido priorizada por el Plan Regional Atacama y el Plan Nacional de Protecci\u00f3n de Humedales 2018-2022\u201d.<\/p>\n\n\n\n<p>EL Seremi Ready agreg\u00f3 que \u201cson ecosistemas altamente vulnerables, particularmente frente a factores de amenaza como las pr\u00e1cticas no sustentables y el cambio clim\u00e1tico. Los humedales costeros, se encuentran en una condici\u00f3n cr\u00edtica; hay una disminuci\u00f3n del recurso h\u00eddrico, detect\u00e1ndose p\u00e9rdida o disminuci\u00f3n de la poblaci\u00f3n de especies nativas y de anfibios, por lo que es imprescindible protegerlos\u201d.<\/p>\n\n\n\n<p>Finalmente, se\u00f1al\u00f3 que \u201cla comunidad de Totoral podr\u00e1 analizar los resultados del estudio y mejorar su propuesta de postulaci\u00f3n, con el fin de hacer las correcciones necesarias para ser presentado administrativamente a evaluaci\u00f3n del Consejo de Monumentos Nacionales y ante el Consejo de Ministros para la Sustentabilidad, para declararlo Santuario de la Naturaleza\u201d.<\/p>\n","protected":false},"excerpt":{"rendered":"<p>Los habitantes de Totoral participaron en una serie de talleres y reuniones para hacer el levantamiento de informaci\u00f3n que realiz\u00f3 la Seremi del Medio Ambiente&hellip; <\/p>\n","protected":false},"author":2,"featured_media":20419,"comment_status":"open","ping_status":"closed","sticky":false,"template":"","format":"standard","meta":{"footnotes":""},"categories":[7],"tags":[],"class_list":["post-20418","post","type-post","status-publish","format-standard","has-post-thumbnail","hentry","category-atacama"],"_links":{"self":[{"href":"https:\/\/www.radioamigavallenar.cl\/index.php?rest_route=\/wp\/v2\/posts\/20418","targetHints":{"allow":["GET"]}}],"collection":[{"href":"https:\/\/www.radioamigavallenar.cl\/index.php?rest_route=\/wp\/v2\/posts"}],"about":[{"href":"https:\/\/www.radioamigavallenar.cl\/index.php?rest_route=\/wp\/v2\/types\/post"}],"author":[{"embeddable":true,"href":"https:\/\/www.radioamigavallenar.cl\/index.php?rest_route=\/wp\/v2\/users\/2"}],"replies":[{"embeddable":true,"href":"https:\/\/www.radioamigavallenar.cl\/index.php?rest_route=%2Fwp%2Fv2%2Fcomments&post=20418"}],"version-history":[{"count":0,"href":"https:\/\/www.radioamigavallenar.cl\/index.php?rest_route=\/wp\/v2\/posts\/20418\/revisions"}],"wp:featuredmedia":[{"embeddable":true,"href":"https:\/\/www.radioamigavallenar.cl\/index.php?rest_route=\/wp\/v2\/media\/20419"}],"wp:attachment":[{"href":"https:\/\/www.radioamigavallenar.cl\/index.php?rest_route=%2Fwp%2Fv2%2Fmedia&parent=20418"}],"wp:term":[{"taxonomy":"category","embeddable":true,"href":"https:\/\/www.radioamigavallenar.cl\/index.php?rest_route=%2Fwp%2Fv2%2Fcategories&post=20418"},{"taxonomy":"post_tag","embeddable":true,"href":"https:\/\/www.radioamigavallenar.cl\/index.php?rest_route=%2Fwp%2Fv2%2Ftags&post=20418"}],"curies":[{"name":"wp","href":"https:\/\/api.w.org\/{rel}","templated":true}]}}