{"id":20415,"date":"2020-01-27T13:20:19","date_gmt":"2020-01-27T16:20:19","guid":{"rendered":"https:\/\/www.radioamigavallenar.cl\/?p=20415"},"modified":"2020-01-27T13:20:20","modified_gmt":"2020-01-27T16:20:20","slug":"sequia-al-menos-10-embalses-y-lagunas-de-la-zona-central-estan-en-niveles-criticos","status":"publish","type":"post","link":"https:\/\/www.radioamigavallenar.cl\/?p=20415","title":{"rendered":"Sequ\u00eda: Al menos 10 embalses y lagunas de la zona central est\u00e1n en niveles cr\u00edticos"},"content":{"rendered":"\n<div class=\"wp-block-image\"><figure class=\"aligncenter size-large\"><img loading=\"lazy\" decoding=\"async\" width=\"1024\" height=\"576\" src=\"https:\/\/www.radioamigavallenar.cl\/wp-content\/uploads\/2020\/01\/foto_0000000120200127040318-1024x576.jpg\" alt=\"\" class=\"wp-image-20416\" srcset=\"https:\/\/www.radioamigavallenar.cl\/wp-content\/uploads\/2020\/01\/foto_0000000120200127040318-1024x576.jpg 1024w, https:\/\/www.radioamigavallenar.cl\/wp-content\/uploads\/2020\/01\/foto_0000000120200127040318-300x169.jpg 300w, https:\/\/www.radioamigavallenar.cl\/wp-content\/uploads\/2020\/01\/foto_0000000120200127040318-768x432.jpg 768w, https:\/\/www.radioamigavallenar.cl\/wp-content\/uploads\/2020\/01\/foto_0000000120200127040318.jpg 1130w\" sizes=\"auto, (max-width: 1024px) 100vw, 1024px\" \/><\/figure><\/div>\n\n\n\n<p>Entre los acu\u00edferos m\u00e1s afectados est\u00e1n Rungue (Tiltil) y Los Molles (Santo Domingo), que est\u00e1n completamente secos.<\/p>\n\n\n\n<p>Al menos 10 embalses y lagunas entre las regiones de Atacama y el Maule est\u00e1n a menos del 40 por ciento de su capacidad\u00a0debido a la\u00a0escasez\u00a0h\u00eddrica\u00a0que vive el pa\u00eds, donde se registra el mayor d\u00e9ficit de precipitaci\u00f3n en los \u00faltimos 60 a\u00f1os.<\/p>\n\n\n\n<p>De acuerdo al \u00faltimo informe de la Direcci\u00f3n General de Aguas (DGA), dependiente del Ministerio de Obras P\u00fablicas,<em>\u00a0<\/em>el d\u00e9ficit de lluvia en la zona central del pa\u00eds, donde se se ubica la mayor\u00eda de estas fuentes de riego y agua potable, supera el 80 por ciento.<\/p>\n\n\n\n<p>Entre los acu\u00edferos m\u00e1s afectados est\u00e1n\u00a0Rungue\u00a0(Tiltil) y\u00a0Los Molles\u00a0(Santo Domingo), que est\u00e1n\u00a0completamente secos;\u00a0Pe\u00f1uelas\u00a0(Valpara\u00edso),que tiene\u00a0s\u00f3lo el 1 por ciento\u00a0de su capacidad;\u00a0Laguna del Maule\u00a0(el principal abastecedor de riego de la regi\u00f3n), con s\u00f3lo un\u00a022 por ciento;\u00a0y\u00a0El Yeso\u00a0(que almacena el agua que se consume en Santiago), con un\u00a028 por ciento<strong>.<\/strong><\/p>\n\n\n\n<p>\u00abPodemos hablar de\u00a0una situaci\u00f3n muy complicada en la cuenca del Mataquito y una mala en la cuenca del Maule\u00ab, se\u00f1al\u00f3 el coordinador de la Comisi\u00f3n Nacional de Riego del Maule,\u00a0Marcelo D\u00edaz, al rotativo.<\/p>\n\n\n\n<p>\u00abLa Laguna del Maule va a partir sin capacidad para riego.\u00a0El cuidado que hay que tener es dependiendo de c\u00f3mo venga este invierno\u00ab, advirti\u00f3.<\/p>\n\n\n\n<p>\u00abEstos dos meses que vienen son los m\u00e1s cr\u00edticos. No hay proyecciones de lluvia, salvo lo que est\u00e1 ocurriendo en el norte por el invierno altipl\u00e1nico\u00bb, advirti\u00f3 Rodrigo Callejas, integrante de la comisi\u00f3n de sequ\u00eda del Indap.<\/p>\n\n\n\n<p>Seg\u00fan Callejas, \u00abdesde el 15 de enero empiezan a bajar los vol\u00famenes de agua y queda de trabajo todo febrero y todo marzo, estamos tratando en una etapa muy complicada.\u00a0Se va a producir en estos dos meses siguientes un descuadre entre la demanda por la agricultura y el agua de consumo con lo que est\u00e1 ofreciendo la cuenca\u00bb.<\/p>\n\n\n\n<h2 class=\"has-text-align-center wp-block-heading\"><em><strong>Sequ\u00eda en Chile: causas del problema<\/strong><\/em><\/h2>\n\n\n\n<p>Chile enfrenta la peor sequ\u00eda de su historia, con\u00a0119 comunas entre las regiones de Atacama y el Maule en situaci\u00f3n de emergencia agr\u00edcola\u00a0y las regiones de\u00a0Coquimbo y Valpara\u00edso en situaci\u00f3n de cat\u00e1strofe\u00a0por escasez h\u00eddrica.<\/p>\n\n\n\n<p>Seg\u00fan Greenpeace,\u00a0Chile es el pa\u00eds con la mayor crisis h\u00eddrica de todo el hemisferio occidental\u00a0y el\u00a076 por ciento de su territorio est\u00e1 afectado por la sequ\u00eda.<\/p>\n\n\n\n<p>A partir del an\u00e1lisis de seis cuencas, la Fundaci\u00f3n Chile asegur\u00f3 en un reciente informe que el\u00a044 por ciento de los problemas h\u00eddricos del pa\u00eds tienen su origen en una deficiente gesti\u00f3n del agua, el 17 por ciento en el aumento de la demanda, el 14 por ciento en la contaminaci\u00f3n del recurso y el 12 por ciento en la disminuci\u00f3n de la oferta, entre otros motivos.<\/p>\n\n\n\n<p>Chile es<strong>\u00a0<\/strong>uno de los pa\u00edses con el mayor nivel de privatizaci\u00f3n del mundo. Se calcula que hoy en d\u00eda el 80 por ciento de los recursos h\u00eddricos del pa\u00eds est\u00e1n en manos privadas, principalmente de grandes empresas agr\u00edcolas, mineras y de energ\u00eda.<\/p>\n\n\n\n<p>El modelo tiene su origen en la\u00a0econom\u00eda neoliberal instaurada durante la dictadura de Augusto Pinochet\u00a0(1973-1990) y, seg\u00fan los ambientalista, ha agravado la sequ\u00eda que vive el pa\u00eds como consecuencia del cambio clim\u00e1tico.<\/p>\n","protected":false},"excerpt":{"rendered":"<p>Entre los acu\u00edferos m\u00e1s afectados est\u00e1n Rungue (Tiltil) y Los Molles (Santo Domingo), que est\u00e1n completamente secos. Al menos 10 embalses y lagunas entre las&hellip; <\/p>\n","protected":false},"author":2,"featured_media":20416,"comment_status":"open","ping_status":"closed","sticky":false,"template":"","format":"standard","meta":{"footnotes":""},"categories":[7,37],"tags":[],"class_list":["post-20415","post","type-post","status-publish","format-standard","has-post-thumbnail","hentry","category-atacama","category-nacional"],"_links":{"self":[{"href":"https:\/\/www.radioamigavallenar.cl\/index.php?rest_route=\/wp\/v2\/posts\/20415","targetHints":{"allow":["GET"]}}],"collection":[{"href":"https:\/\/www.radioamigavallenar.cl\/index.php?rest_route=\/wp\/v2\/posts"}],"about":[{"href":"https:\/\/www.radioamigavallenar.cl\/index.php?rest_route=\/wp\/v2\/types\/post"}],"author":[{"embeddable":true,"href":"https:\/\/www.radioamigavallenar.cl\/index.php?rest_route=\/wp\/v2\/users\/2"}],"replies":[{"embeddable":true,"href":"https:\/\/www.radioamigavallenar.cl\/index.php?rest_route=%2Fwp%2Fv2%2Fcomments&post=20415"}],"version-history":[{"count":0,"href":"https:\/\/www.radioamigavallenar.cl\/index.php?rest_route=\/wp\/v2\/posts\/20415\/revisions"}],"wp:featuredmedia":[{"embeddable":true,"href":"https:\/\/www.radioamigavallenar.cl\/index.php?rest_route=\/wp\/v2\/media\/20416"}],"wp:attachment":[{"href":"https:\/\/www.radioamigavallenar.cl\/index.php?rest_route=%2Fwp%2Fv2%2Fmedia&parent=20415"}],"wp:term":[{"taxonomy":"category","embeddable":true,"href":"https:\/\/www.radioamigavallenar.cl\/index.php?rest_route=%2Fwp%2Fv2%2Fcategories&post=20415"},{"taxonomy":"post_tag","embeddable":true,"href":"https:\/\/www.radioamigavallenar.cl\/index.php?rest_route=%2Fwp%2Fv2%2Ftags&post=20415"}],"curies":[{"name":"wp","href":"https:\/\/api.w.org\/{rel}","templated":true}]}}