{"id":20409,"date":"2020-01-27T10:50:58","date_gmt":"2020-01-27T13:50:58","guid":{"rendered":"https:\/\/www.radioamigavallenar.cl\/?p=20409"},"modified":"2020-01-27T10:51:00","modified_gmt":"2020-01-27T13:51:00","slug":"servel-publica-padron-electoral-y-nomina-de-inhabilitados-para-votar-en-plebiscito","status":"publish","type":"post","link":"https:\/\/www.radioamigavallenar.cl\/?p=20409","title":{"rendered":"Servel publica padr\u00f3n electoral y n\u00f3mina de inhabilitados para votar en Plebiscito"},"content":{"rendered":"\n<div class=\"wp-block-image\"><figure class=\"aligncenter size-large\"><img loading=\"lazy\" decoding=\"async\" width=\"1024\" height=\"628\" src=\"https:\/\/www.radioamigavallenar.cl\/wp-content\/uploads\/2020\/01\/VOTACIONES-1-1024x628.jpg\" alt=\"\" class=\"wp-image-20410\" srcset=\"https:\/\/www.radioamigavallenar.cl\/wp-content\/uploads\/2020\/01\/VOTACIONES-1-1024x628.jpg 1024w, https:\/\/www.radioamigavallenar.cl\/wp-content\/uploads\/2020\/01\/VOTACIONES-1-300x184.jpg 300w, https:\/\/www.radioamigavallenar.cl\/wp-content\/uploads\/2020\/01\/VOTACIONES-1-768x471.jpg 768w, https:\/\/www.radioamigavallenar.cl\/wp-content\/uploads\/2020\/01\/VOTACIONES-1.jpg 1140w\" sizes=\"auto, (max-width: 1024px) 100vw, 1024px\" \/><\/figure><\/div>\n\n\n\n<p>Desde el martes 28 de enero hasta el 6 de febrero aquellos que consideren que hay errores en sus datos o est\u00e1n omitidos sin raz\u00f3n del padr\u00f3n pueden presentar sus reclamos ante el Tribunal Electoral regional que le corresponde.<\/p>\n\n\n\n<p>El Servicio Electoral de Chile public\u00f3 en su sitio web el padr\u00f3n electoral auditado del Plebiscito Nacional y las n\u00f3minas de electores inhabilitados para sufragar.<\/p>\n\n\n\n<p>Para revisar todos tus datos electorales:<\/p>\n\n\n\n<p>A continuaci\u00f3n revisa la lista en Chile y para los chilenos en el extranjero:<\/p>\n\n\n\n<p><em><strong><a href=\"https:\/\/www.servel.cl\/padron-electoral-auditado-plebiscito-nacional-2020\/\" target=\"_blank\" rel=\"noreferrer noopener\">PADR\u00d3N ELECTORAL AUDITADO TERRITORIO NACIONAL<\/a><\/strong><\/em><\/p>\n\n\n\n<p><em><strong><a href=\"https:\/\/servel.cl\/wp-content\/uploads\/2020\/01\/padron_electoral_extranjero.pdf\">PADR\u00d3N ELECTORAL AUDITADO PARA EL EXTRANJERO<\/a><\/strong><\/em><\/p>\n\n\n\n<p>El Servel indica que \u00absi estimas que tus&nbsp;<strong>datos electorales o los de otra persona<\/strong>&nbsp;<strong>est\u00e1n err\u00f3neos<\/strong>, que t\u00fa u otra persona fue omitida de manera injustificada o debiese estar excluida, puedes presentar una reclamaci\u00f3n\u00bb.<\/p>\n\n\n\n<p>El martes 28 comienza el plazo de 10 d\u00edas (hasta el 6 de febrero) para reclamar el Padr\u00f3n Electoral auditado ante el Tribunal Electoral Regional correspondiente al domicilio de la persona afectada.<\/p>\n\n\n\n<p><strong><a href=\"https:\/\/www.servel.cl\/tribunales-electorales-regionales-2\/\">Revisa el Tribunal Electoral Regional que te corresponde<\/a><\/strong><\/p>\n\n\n\n<p>En el extranjero el tr\u00e1mite debe realizarse ante el consulado chileno del lugar.<\/p>\n\n\n\n<p>Una vez revisado el padr\u00f3n es conveniente tambi\u00e9n verificar la n\u00f3mina auditada de inhabilitados en el territorio nacional y el extranjero:<\/p>\n\n\n\n<p><em><strong><a href=\"https:\/\/servel.cl\/wp-content\/uploads\/2020\/01\/nomina_inhabilitados.pdf\">N\u00d3MINA DE INHABILITADOS PARA VOTAR<\/a><\/strong><\/em><\/p>\n\n\n\n<p><em><strong><a href=\"https:\/\/servel.cl\/wp-content\/uploads\/2020\/01\/nomina_inhabilitados_extranjero.pdf\">N\u00d3MINA DE INHABILITADOS PARA VOTAR EN EL EXTRANJERO<\/a><\/strong><\/em><\/p>\n\n\n\n<p>*De acuerdo a los art\u00edculos 31 y 32 de la<strong>&nbsp;<a href=\"https:\/\/www.servel.cl\/inscripciones-electorales-y-servicio-electoral\/\">Ley 18.556 de Inscripciones Electorales y Servicio Electoral<\/a><\/strong>,&nbsp;<strong>son p\u00fablicos los datos electorales, incluyendo el domicilio electoral.<\/strong><\/p>\n","protected":false},"excerpt":{"rendered":"<p>Desde el martes 28 de enero hasta el 6 de febrero aquellos que consideren que hay errores en sus datos o est\u00e1n omitidos sin raz\u00f3n&hellip; <\/p>\n","protected":false},"author":2,"featured_media":20410,"comment_status":"open","ping_status":"closed","sticky":false,"template":"","format":"standard","meta":{"footnotes":""},"categories":[7,37],"tags":[],"class_list":["post-20409","post","type-post","status-publish","format-standard","has-post-thumbnail","hentry","category-atacama","category-nacional"],"_links":{"self":[{"href":"https:\/\/www.radioamigavallenar.cl\/index.php?rest_route=\/wp\/v2\/posts\/20409","targetHints":{"allow":["GET"]}}],"collection":[{"href":"https:\/\/www.radioamigavallenar.cl\/index.php?rest_route=\/wp\/v2\/posts"}],"about":[{"href":"https:\/\/www.radioamigavallenar.cl\/index.php?rest_route=\/wp\/v2\/types\/post"}],"author":[{"embeddable":true,"href":"https:\/\/www.radioamigavallenar.cl\/index.php?rest_route=\/wp\/v2\/users\/2"}],"replies":[{"embeddable":true,"href":"https:\/\/www.radioamigavallenar.cl\/index.php?rest_route=%2Fwp%2Fv2%2Fcomments&post=20409"}],"version-history":[{"count":0,"href":"https:\/\/www.radioamigavallenar.cl\/index.php?rest_route=\/wp\/v2\/posts\/20409\/revisions"}],"wp:featuredmedia":[{"embeddable":true,"href":"https:\/\/www.radioamigavallenar.cl\/index.php?rest_route=\/wp\/v2\/media\/20410"}],"wp:attachment":[{"href":"https:\/\/www.radioamigavallenar.cl\/index.php?rest_route=%2Fwp%2Fv2%2Fmedia&parent=20409"}],"wp:term":[{"taxonomy":"category","embeddable":true,"href":"https:\/\/www.radioamigavallenar.cl\/index.php?rest_route=%2Fwp%2Fv2%2Fcategories&post=20409"},{"taxonomy":"post_tag","embeddable":true,"href":"https:\/\/www.radioamigavallenar.cl\/index.php?rest_route=%2Fwp%2Fv2%2Ftags&post=20409"}],"curies":[{"name":"wp","href":"https:\/\/api.w.org\/{rel}","templated":true}]}}