{"id":20406,"date":"2020-01-27T10:49:19","date_gmt":"2020-01-27T13:49:19","guid":{"rendered":"https:\/\/www.radioamigavallenar.cl\/?p=20406"},"modified":"2020-01-27T10:49:21","modified_gmt":"2020-01-27T13:49:21","slug":"54-millones-de-pesos-entregara-el-fpa-2020-en-la-region-de-atacama","status":"publish","type":"post","link":"https:\/\/www.radioamigavallenar.cl\/?p=20406","title":{"rendered":"54 millones de pesos entregar\u00e1 el FPA \u2013 2020 en la Regi\u00f3n de Atacama."},"content":{"rendered":"\n<div class=\"wp-block-image\"><figure class=\"aligncenter size-large\"><img loading=\"lazy\" decoding=\"async\" width=\"1024\" height=\"683\" src=\"https:\/\/www.radioamigavallenar.cl\/wp-content\/uploads\/2020\/01\/IMG_7737-1536x1024-1-1024x683.jpg\" alt=\"\" class=\"wp-image-20407\" srcset=\"https:\/\/www.radioamigavallenar.cl\/wp-content\/uploads\/2020\/01\/IMG_7737-1536x1024-1-1024x683.jpg 1024w, https:\/\/www.radioamigavallenar.cl\/wp-content\/uploads\/2020\/01\/IMG_7737-1536x1024-1-300x200.jpg 300w, https:\/\/www.radioamigavallenar.cl\/wp-content\/uploads\/2020\/01\/IMG_7737-1536x1024-1-768x512.jpg 768w, https:\/\/www.radioamigavallenar.cl\/wp-content\/uploads\/2020\/01\/IMG_7737-1536x1024-1.jpg 1536w\" sizes=\"auto, (max-width: 1024px) 100vw, 1024px\" \/><\/figure><\/div>\n\n\n\n<p>Se financiar\u00e1n 10 iniciativas vinculadas a \u00e1reas verdes, escuelas sustentables, gesti\u00f3n ambiental local, y de protecci\u00f3n y gesti\u00f3n ambiental ind\u00edgena.<\/p>\n\n\n\n<p>EL Seremi (S) del Medio Ambiente Carlos Olivares dio a conocer los resultados de la vig\u00e9sima tercera versi\u00f3n del Fondo de Protecci\u00f3n Ambiental \u2013 FPA 2019. Este a\u00f1o, la iniciativa financiar\u00e1 10 proyectos en toda la regi\u00f3n, con una inversi\u00f3n de 54 millones. En la Regi\u00f3n de Atacama se financiaran 10 iniciativas vinculadas a \u00e1reas verdes, escuelas sustentables, gesti\u00f3n ambiental local, y de protecci\u00f3n ambiental y gesti\u00f3n ind\u00edgena.<\/p>\n\n\n\n<p>Entre los proyectos ganadores se destacan 10 iniciativas que ser\u00e1n distribuidos en la comuna de Vallenar 3, Caldera 2, Huasco 3, Freirina 1 y Copiap\u00f3 1<\/p>\n\n\n\n<p>Carlos Olivares, Seremi (S) del Medio Ambiente , destac\u00f3 que el FPA es el primer y \u00fanico fondo concursable de car\u00e1cter nacional con que cuenta el Estado de Chile para apoyar iniciativas ambientales presentadas por la ciudadan\u00eda, a trav\u00e9s de agrupaciones como centros de padres, ONG, juntas de vecinos, agrupaciones gremiales, clubes deportivos, entre otros.<\/p>\n\n\n\n<p>El Seremi expres\u00f3 adem\u00e1s, que el FPA es un instrumento de participaci\u00f3n ciudadana y de educaci\u00f3n ambiental, que se convierte en un aliado para hacer realidad las iniciativas ciudadanas, para hacer de nuestro pa\u00eds un lugar m\u00e1s amigable con el medio ambiente.<\/p>\n\n\n\n<p>La autoridad ambiental (S) afirm\u00f3 que \u201cen estos a\u00f1os en Atacama, hemos visto a la ciudadan\u00eda trabajar en sus vecindarios en la gesti\u00f3n de residuos, en la instalaci\u00f3n de puntos verdes; en la recuperaci\u00f3n de espacios deteriorados, o en la implementaci\u00f3n de tecnolog\u00edas de eficiencia h\u00eddrica o energ\u00e9tica amigables con el medio ambiente\u201d.<\/p>\n\n\n\n<p>El Seremi (S) Olivares invit\u00f3 a la ciudadan\u00eda \u201ca seguir participando y desarrollando iniciativas que apoyen la conservaci\u00f3n de nuestro entorno natural, el uso de fuentes de energ\u00edas limpias y renovables, mejorar nuestra capacidad de adaptaci\u00f3n al cambio clim\u00e1tico, disminuir nuestras vulnerabilidades y aumentar nuestra resiliencia ante este fen\u00f3meno global.<\/p>\n\n\n\n<p>El Seremi (s) detall\u00f3, adem\u00e1s, que el proyecto de ley marco de cambio clim\u00e1tico ingresado recientemente al Congreso establecer\u00e1 un incentivo a las donaciones ambientales para la protecci\u00f3n, cuidado y conservaci\u00f3n del medio ambiente as\u00ed como para impulsar proyectos de acci\u00f3n clim\u00e1tica tanto en mitigaci\u00f3n como adaptaci\u00f3n.<\/p>\n\n\n\n<p>Estas donaciones, de empresas o personas naturales, podr\u00e1n destinarse a un fin en espec\u00edfico, como por ejemplo el apoyo financiero para mantener un \u00e1rea protegida privada, planes de manejo de un santuario de la naturaleza o paneles solares para comunidades ind\u00edgenas, entre muchos otros. Los aportes pueden ser en dinero o en bienes muebles o inmuebles, donados por personas y organizaciones y se realizar\u00e1n a trav\u00e9s del Fondo de Protecci\u00f3n Ambiental.<\/p>\n\n\n\n<p>La informaci\u00f3n completa y el detalle de los proyectos est\u00e1n disponibles en la p\u00e1gina web http:\/\/www.fpa.mma.gob.cl\/<\/p>\n","protected":false},"excerpt":{"rendered":"<p>Se financiar\u00e1n 10 iniciativas vinculadas a \u00e1reas verdes, escuelas sustentables, gesti\u00f3n ambiental local, y de protecci\u00f3n y gesti\u00f3n ambiental ind\u00edgena. EL Seremi (S) del Medio&hellip; <\/p>\n","protected":false},"author":2,"featured_media":20407,"comment_status":"open","ping_status":"closed","sticky":false,"template":"","format":"standard","meta":{"footnotes":""},"categories":[7],"tags":[],"class_list":["post-20406","post","type-post","status-publish","format-standard","has-post-thumbnail","hentry","category-atacama"],"_links":{"self":[{"href":"https:\/\/www.radioamigavallenar.cl\/index.php?rest_route=\/wp\/v2\/posts\/20406","targetHints":{"allow":["GET"]}}],"collection":[{"href":"https:\/\/www.radioamigavallenar.cl\/index.php?rest_route=\/wp\/v2\/posts"}],"about":[{"href":"https:\/\/www.radioamigavallenar.cl\/index.php?rest_route=\/wp\/v2\/types\/post"}],"author":[{"embeddable":true,"href":"https:\/\/www.radioamigavallenar.cl\/index.php?rest_route=\/wp\/v2\/users\/2"}],"replies":[{"embeddable":true,"href":"https:\/\/www.radioamigavallenar.cl\/index.php?rest_route=%2Fwp%2Fv2%2Fcomments&post=20406"}],"version-history":[{"count":0,"href":"https:\/\/www.radioamigavallenar.cl\/index.php?rest_route=\/wp\/v2\/posts\/20406\/revisions"}],"wp:featuredmedia":[{"embeddable":true,"href":"https:\/\/www.radioamigavallenar.cl\/index.php?rest_route=\/wp\/v2\/media\/20407"}],"wp:attachment":[{"href":"https:\/\/www.radioamigavallenar.cl\/index.php?rest_route=%2Fwp%2Fv2%2Fmedia&parent=20406"}],"wp:term":[{"taxonomy":"category","embeddable":true,"href":"https:\/\/www.radioamigavallenar.cl\/index.php?rest_route=%2Fwp%2Fv2%2Fcategories&post=20406"},{"taxonomy":"post_tag","embeddable":true,"href":"https:\/\/www.radioamigavallenar.cl\/index.php?rest_route=%2Fwp%2Fv2%2Ftags&post=20406"}],"curies":[{"name":"wp","href":"https:\/\/api.w.org\/{rel}","templated":true}]}}