{"id":20395,"date":"2020-01-27T00:00:00","date_gmt":"2020-01-27T03:00:00","guid":{"rendered":"https:\/\/www.radioamigavallenar.cl\/?p=20395"},"modified":"2020-01-26T20:55:17","modified_gmt":"2020-01-26T23:55:17","slug":"senadora-provoste-celebra-publicacion-de-ley-que-reconoce-el-derecho-al-descanso-a-mas-de-80-mil-asistentes-de-la-educacion","status":"publish","type":"post","link":"https:\/\/www.radioamigavallenar.cl\/?p=20395","title":{"rendered":"Senadora Provoste celebra publicaci\u00f3n de ley que reconoce el derecho al descanso a m\u00e1s de 80 mil Asistentes de la Educaci\u00f3n"},"content":{"rendered":"\n<div class=\"wp-block-image\"><figure class=\"aligncenter size-large\"><img loading=\"lazy\" decoding=\"async\" width=\"750\" height=\"400\" src=\"https:\/\/www.radioamigavallenar.cl\/wp-content\/uploads\/2020\/01\/yasna.jpg\" alt=\"\" class=\"wp-image-20396\" srcset=\"https:\/\/www.radioamigavallenar.cl\/wp-content\/uploads\/2020\/01\/yasna.jpg 750w, https:\/\/www.radioamigavallenar.cl\/wp-content\/uploads\/2020\/01\/yasna-300x160.jpg 300w\" sizes=\"auto, (max-width: 750px) 100vw, 750px\" \/><\/figure><\/div>\n\n\n\n<p><strong>La norma viene a responder y terminar con las medidas restrictivas adoptadas en julio de 2019 por la Direcci\u00f3n del Trabajo hacia los Asistentes de la Educaci\u00f3n de los establecimientos particulares subvencionados del pa\u00eds.<\/strong><\/p>\n\n\n\n<p>\u201cDesde hoy nadie puede desconocer los derechos a los asistentes de la educaci\u00f3n\u201d. As\u00ed lo manifest\u00f3 la senadora Yasna Provoste, quien celebr\u00f3 la publicaci\u00f3n de la ley 21.199 que present\u00f3 en octubre de 2019 junto al congresista Juan Pablo Letelier, con el fin de interpretar el art\u00edculo 56 del Estatuto de los Asistentes de la Educaci\u00f3n y as\u00ed corregir el dictamen de la Direcci\u00f3n del Trabajo (DT) que le quit\u00f3 el derecho a las vacaciones de verano e invierno a m\u00e1s de 80 mil asistentes de la educaci\u00f3n de establecimientos particulares subvencionados del pa\u00eds.<\/p>\n\n\n\n<p>\u201cEl Gobierno le quit\u00f3 varios d\u00edas del leg\u00edtimo descanso a los asistentes de la educaci\u00f3n por la presi\u00f3n de quienes hacen de la educaci\u00f3n un negocio, sin embargo, desde hoy nadie puede desconocer los derechos de los asistentes de a educaci\u00f3n. Ya no hay excusas para no cumplir la ley\u201d, expres\u00f3 la legisladora por Atacama, quien adem\u00e1s es miembro titular de la Comisi\u00f3n de Educaci\u00f3n del Senado, a la espera de que los sostenedores de los establecimientos educacionales particulares subvencionados se ajusten a la norma.<\/p>\n\n\n\n<h5 class=\"has-text-align-center wp-block-heading\">CONTEXTO<\/h5>\n\n\n\n<p>El pasado 11 de julio, la Direcci\u00f3n del Trabajo (DT) emiti\u00f3 el dictamen N\u00ba 3445\/022 que interpreta la Ley N\u00ba 21.152 sobre Asistentes de la Educaci\u00f3n, en el cual priv\u00f3 a funcionarios que se desempe\u00f1an como administrativos y auxiliares de los beneficios no econ\u00f3micos contemplados -desde octubre de 2018- en el Estatuto de los Asistentes de la Educaci\u00f3n P\u00fablica (Ley N\u00b021.109); esto es decir, limit\u00f3 el acceso al derecho a las vacaciones de enero y febrero, de invierno (dos semanas) y el m\u00e1ximo de 44 horas laborales semanales a m\u00e1s de 80 mil funcionarios y funcionarias asistentes de la educaci\u00f3n de colegios particulares subvencionados que no fuesen t\u00e9cnicos de p\u00e1rvulo o asistentes de aula.<\/p>\n\n\n\n<p>Ante esta situaci\u00f3n, los senadores Yasna Provoste (DC) y Juan Pablo Letelier (PS), presentaron un proyecto de ley interpretativo, con el fin de definir una lectura \u00fanica del Estatuto y as\u00ed evitar cualquier infracci\u00f3n y desconocimiento del derecho educacional vigente.<\/p>\n\n\n\n<p>\u201cNo hay ninguna raz\u00f3n para que el Estatuto de los Asistentes de la Educaci\u00f3n discrimine a aquellos Asistentes de la Educaci\u00f3n del sector particular subvencionado. En este sentido, y para que no quede ninguna duda, es que en octubre de 2019 ingresamos un proyecto de ley&nbsp;&nbsp; interpretativo que no deja espacio para la discriminaci\u00f3n, que no deja espacio a la arbitrariedad; pero -sobre todo- que no deja espacio para las humillaciones que tanto que tanto les gusta a algunos\u201d, expres\u00f3 Provoste.<\/p>\n\n\n\n<h5 class=\"wp-block-heading\">LEY INTERPRETATIVA<\/h5>\n\n\n\n<p>Expl\u00edcitamente, la ley se\u00f1ala se declare, \u201cinterpretando el art\u00edculo 56 de la Ley N\u00b0 21.209 que establece un Estatuto de los Asistentes de la Educaci\u00f3n P\u00fablica, que los art. 38, 39, 40 y 41 del referido texto antes citado, benefician en cuanto a sus efectos a los asistentes de la educaci\u00f3n, entendidos como tales quienes colaboran en el desarrollo del proceso de ense\u00f1anza y aprendizaje de los estudiantes y la correcta prestaci\u00f3n del servicio educacional, a trav\u00e9s de funciones de car\u00e1cter profesional distintas de aquellas establecidas en el art\u00edculo 5\u00b0 del decreto con fuerza de ley N\u00b0 1, del Ministerio de Educaci\u00f3n, promulgado el a\u00f1o 1996 y publicado el a\u00f1o 1997; sean del estamento t\u00e9cnico, administrativo o auxiliar, realicen sus tareas en aula o fuera de ellas y que presten servicios en educaci\u00f3n parvularia, b\u00e1sica y media, en establecimientos que reciban subvenci\u00f3n por parte del Estado, cualquiera sea su forma de organizaci\u00f3n, conforme al decreto con fuerza de ley N\u00ba 2, del Ministerio de Educaci\u00f3n, de 1998.\u201d<\/p>\n","protected":false},"excerpt":{"rendered":"<p>La norma viene a responder y terminar con las medidas restrictivas adoptadas en julio de 2019 por la Direcci\u00f3n del Trabajo hacia los Asistentes de&hellip; <\/p>\n","protected":false},"author":2,"featured_media":20396,"comment_status":"open","ping_status":"closed","sticky":false,"template":"","format":"standard","meta":{"footnotes":""},"categories":[7,37],"tags":[],"class_list":["post-20395","post","type-post","status-publish","format-standard","has-post-thumbnail","hentry","category-atacama","category-nacional"],"_links":{"self":[{"href":"https:\/\/www.radioamigavallenar.cl\/index.php?rest_route=\/wp\/v2\/posts\/20395","targetHints":{"allow":["GET"]}}],"collection":[{"href":"https:\/\/www.radioamigavallenar.cl\/index.php?rest_route=\/wp\/v2\/posts"}],"about":[{"href":"https:\/\/www.radioamigavallenar.cl\/index.php?rest_route=\/wp\/v2\/types\/post"}],"author":[{"embeddable":true,"href":"https:\/\/www.radioamigavallenar.cl\/index.php?rest_route=\/wp\/v2\/users\/2"}],"replies":[{"embeddable":true,"href":"https:\/\/www.radioamigavallenar.cl\/index.php?rest_route=%2Fwp%2Fv2%2Fcomments&post=20395"}],"version-history":[{"count":0,"href":"https:\/\/www.radioamigavallenar.cl\/index.php?rest_route=\/wp\/v2\/posts\/20395\/revisions"}],"wp:featuredmedia":[{"embeddable":true,"href":"https:\/\/www.radioamigavallenar.cl\/index.php?rest_route=\/wp\/v2\/media\/20396"}],"wp:attachment":[{"href":"https:\/\/www.radioamigavallenar.cl\/index.php?rest_route=%2Fwp%2Fv2%2Fmedia&parent=20395"}],"wp:term":[{"taxonomy":"category","embeddable":true,"href":"https:\/\/www.radioamigavallenar.cl\/index.php?rest_route=%2Fwp%2Fv2%2Fcategories&post=20395"},{"taxonomy":"post_tag","embeddable":true,"href":"https:\/\/www.radioamigavallenar.cl\/index.php?rest_route=%2Fwp%2Fv2%2Ftags&post=20395"}],"curies":[{"name":"wp","href":"https:\/\/api.w.org\/{rel}","templated":true}]}}